{"id":12129,"date":"2016-09-09T13:53:00","date_gmt":"2016-09-09T11:53:00","guid":{"rendered":"http:\/\/theark.ch\/energie-et-informatique-font-bon-menage-pour-faciliter-la-transition-energetique-8537\/"},"modified":"2016-09-09T13:53:00","modified_gmt":"2016-09-09T11:53:00","slug":"energie-et-informatique-font-bon-menage-pour-faciliter-la-transition-energetique-8537","status":"publish","type":"post","link":"https:\/\/theark.ch\/fr\/news\/energie-et-informatique-font-bon-menage-pour-faciliter-la-transition-energetique-8537\/","title":{"rendered":"Energie et informatique font bon m\u00e9nage pour faciliter la transition \u00e9nerg\u00e9tique"},"content":{"rendered":"<p><strong>Ub\u00e9risation de l\u2019\u00e9nergie, utilisation des b\u00e2timents comme r\u00e9gulateurs des r\u00e9seaux, cr\u00e9ation de r\u00e9seaux intelligents d\u00e9centralis\u00e9s, flexibilit\u00e9 de l\u2019\u00e9nergie : la 6e \u00e9dition de la Journ\u00e9e nationale <a href=\"http:\/\/www.booking-corner.com\/portalCimArk\/cmsscripts\/default.aspx\" target=\"_blank\" rel=\"noopener\">Smart Energy<\/a>, qui s\u2019est tenue le 8 septembre dernier \u00e0 Sion a permis de lancer des d\u00e9bats tr\u00e8s int\u00e9ressants. Dans un monde \u00e9nerg\u00e9tique en mouvement perp\u00e9tuel, l\u2019informatique a plus que jamais un r\u00f4le important \u00e0 jouer, notamment au niveau de la gestion et l\u2019analyse des donn\u00e9es. Malgr\u00e9 des approches parfois diff\u00e9rentes, l\u2019\u00e9nergie et les technologies de l\u2019information devront faire bon m\u00e9nage afin de faciliter la transition \u00e9nerg\u00e9tique.\u00a0<\/strong><\/p>\n<p>\u00a0<\/p>\n<p>Pr\u00e8s de 120 sp\u00e9cialistes du monde de l\u2019\u00e9nergie et de l\u2019informatique ont r\u00e9pondu pr\u00e9sents \u00e0 l\u2019invitation de la <a href=\"http:\/\/theark.ch\/\" target=\"_blank\" rel=\"noopener\">Fondation The Ark<\/a> et de <a href=\"http:\/\/www.cleantech-alps.com\/fr\/index.php\" target=\"_blank\" rel=\"noopener\">CleantechAlps<\/a> pour la traditionnelle journ\u00e9e Smart Energy. \u00ab Cette sixi\u00e8me \u00e9dition fut un excellent cru, avec des points de vue et des d\u00e9bats passionnants \u00bb, rel\u00e8ve Paul-Andr\u00e9 Vogel, mod\u00e9rateur de la journ\u00e9e.\u00a0<\/p>\n<p>L\u2019un des enseignements de la journ\u00e9e est que les b\u00e2timents (40% de la consommation d\u2019\u00e9nergie en Suisse) deviennent un \u00e9l\u00e9ment central des r\u00e9seaux \u00e9lectriques. Le professeur Matthias Sulzer l\u2019a d\u00e9montr\u00e9 gr\u00e2ce \u00e0 des projets de recherche et exemples concrets. Les b\u00e2timents, mis en r\u00e9seau \u00e0 l\u2019\u00e9chelle d\u2019un quartier, sont amen\u00e9s \u00e0 tout faire : stocker, produire ou consommer de l\u2019\u00e9nergie.<br \/>\n\u00ab Cette implication des b\u00e2timents explique certainement les investissements r\u00e9cents de certains distributeurs \u00e9lectriques dans le domaine du b\u00e2timent \u00bb, souligne Paul-Andr\u00e9 Vogel.<\/p>\n<p>\u00a0<\/p>\n<p><strong>Vers des smart grids \u00ab f\u00e9d\u00e9ralistes \u00bb<\/strong><br \/>\nPour sa part, le professeur Anton Gunzinger de l\u2019<a href=\"https:\/\/www.ethz.ch\/de.html\" target=\"_blank\" rel=\"noopener\">EPFZ<\/a> a plaid\u00e9 pour la cr\u00e9ation de smart grids<br \/>\n\u00ab f\u00e9d\u00e9ralistes \u00bb, o\u00f9 chaque r\u00e9gion peut piloter par lui-m\u00eame son syst\u00e8me, tout en tenant compte du contexte global.\u00a0<\/p>\n<p>De son c\u00f4t\u00e9, Nicolas Charton, associ\u00e9 aupr\u00e8s de <a href=\"http:\/\/e-cube.com\/fr\/\" target=\"_blank\" rel=\"noopener\">E-Cube Strategy Consultants<\/a>, s\u2019est exprim\u00e9 sur la flexibilit\u00e9 de l\u2019\u00e9nergie. Certains acteurs produisent \u00e0 la demande ou renoncent \u00e0 consommer pour garder un bon \u00e9quilibre du r\u00e9seau. Cette flexibilit\u00e9, bien que centrale et tr\u00e8s importante, n\u2019est pas encore un nouvel eldorado, en raison des prix bas du march\u00e9 et des obstacles r\u00e9glementaires.<\/p>\n<p>\u00a0<\/p>\n<p><strong>L\u2019ub\u00e9risation, coup de pied dans la fourmili\u00e8re\u00a0<\/strong><br \/>\nLa journ\u00e9e a permis \u00e9galement de penser \u00ab hors cadre \u00bb avec la pr\u00e9sentation de Gr\u00e9goire Leclercq sur la future \u00ab ub\u00e9risation de l\u2019\u00e9nergie \u00bb. Cette ub\u00e9risation est un coup de pied dans la fourmili\u00e8re \u00e9nerg\u00e9tique, a reconnu Paul Michellod, directeur de <a href=\"http:\/\/www.fmv.ch\/\" target=\"_blank\" rel=\"noopener\">FMV<\/a> lors de la table ronde de fin de matin\u00e9e.\u00a0<\/p>\n<p>Le mod\u00e8le, encore \u00e0 inventer au niveau de l\u2019\u00e9nergie, doit s\u2019appuyer sur ce qui a fait le succ\u00e8s de l\u2019ub\u00e9risation dans d\u2019autres secteurs, selon Gr\u00e9goire Leclercq, \u00e0 savoir une population d\u00e9\u00e7ue par les offres du secteur en question, une plateforme num\u00e9rique (peu co\u00fbteuse), des ressources de travail externes et une masse critique suffisante au niveau de l\u2019offre et de la demande.\u00a0<\/p>\n<p>\n<strong>Aller plus loin que le transport d\u2019\u00e9lectricit\u00e9<\/strong><br \/>\nPour sa part, Olivier Grabette, directeur g\u00e9n\u00e9ral adjoint de <a href=\"http:\/\/www.rte-france.com\/\" target=\"_blank\" rel=\"noopener\">RTE (France)<\/a>, a expos\u00e9 les efforts de son entreprise (l\u2019\u00e9quivalent de <a href=\"https:\/\/www.swissgrid.ch\/swissgrid\/de\/home.html\" target=\"_blank\" rel=\"noopener\">Swissgrid<\/a> en Suisse) pour diversifier les missions du r\u00e9seau de transport, qui doit servir \u00e0 davantage de choses que de transporter de l\u2019\u00e9lectricit\u00e9. Par exemple mettre \u00e0 disposition des populations des zones rurales des donn\u00e9es utiles, notamment pour l\u2019agriculture.\u00a0<\/p>\n<p>La conf\u00e9rence s\u2019est poursuivie par la pr\u00e9sentation d\u2019Arnoud Bifrare de <a href=\"https:\/\/www.romande-energie.ch\/\" target=\"_blank\" rel=\"noopener\">Romande Energie<\/a>, qui a d\u00e9taill\u00e9 un projet concret de Smart Grid et de d\u00e9monstrateur grandeur nature \u00e0 Rolle au niveau d\u2019un r\u00e9seau intelligent.\u00a0<br \/>\n\u00a0<\/p>\n<p><strong>Trois technologies informatiques prometteuses<\/strong><br \/>\nLa manifestation s\u2019est conclue par l\u2019expos\u00e9 d\u2019Yvan B\u00e9trisey, coordinateur de l\u2019<a href=\"http:\/\/www.eenergycenter.ch\/\" target=\"_blank\" rel=\"noopener\">eEnergy Center<\/a> de Sierre, qui a notamment pr\u00e9sent\u00e9, \u00e0 l\u2019aide d\u2019exemples concrets d\u00e9velopp\u00e9s \u00e0 Sierre (VS), les trois technologies informatiques les plus prometteuses pour le domaine de l\u2019\u00e9nergie : le Big Data, le machine learning et les r\u00e9seaux de transmission \u00e0 basse fr\u00e9quence.\u00a0<\/p>\n<p>\u00a0<\/p>\n<p>La prochaine \u00e9dition de la journ\u00e9e nationale Smart Energy aura lieu le <strong>25 ao\u00fbt 2017<\/strong>, toujours \u00e0 l\u2019aula FXB de Sion.\u00a0<\/p>\n<p>\u00a0<\/p>\n<p><strong>Cr\u00e9dit photo<\/strong>\u00a0: photoval.ch\/Val\u00e9rie Pinauda<\/p>\n<p>\u200b<\/p>\n","protected":false},"excerpt":{"rendered":"<p>Ub\u00e9risation de l\u2019\u00e9nergie, utilisation des b\u00e2timents comme r\u00e9gulateurs des r\u00e9seaux, cr\u00e9ation de r\u00e9seaux intelligents d\u00e9centralis\u00e9s, flexibilit\u00e9 de l\u2019\u00e9nergie : la 6e \u00e9dition de la Journ\u00e9e nationale Smart Energy, qui s\u2019est tenue le 8 septembre dernier \u00e0 Sion a permis de lancer des d\u00e9bats tr\u00e8s int\u00e9ressants. Dans un monde \u00e9nerg\u00e9tique en mouvement perp\u00e9tuel, l\u2019informatique a plus [&hellip;]<\/p>\n","protected":false},"author":1,"featured_media":0,"comment_status":"closed","ping_status":"closed","sticky":false,"template":"","format":"standard","meta":{"_acf_changed":false,"footnotes":""},"categories":[189],"tags":[],"class_list":["post-12129","post","type-post","status-publish","format-standard","hentry","category-energie"],"acf":[],"_links":{"self":[{"href":"https:\/\/theark.ch\/fr\/wp-json\/wp\/v2\/posts\/12129","targetHints":{"allow":["GET"]}}],"collection":[{"href":"https:\/\/theark.ch\/fr\/wp-json\/wp\/v2\/posts"}],"about":[{"href":"https:\/\/theark.ch\/fr\/wp-json\/wp\/v2\/types\/post"}],"author":[{"embeddable":true,"href":"https:\/\/theark.ch\/fr\/wp-json\/wp\/v2\/users\/1"}],"replies":[{"embeddable":true,"href":"https:\/\/theark.ch\/fr\/wp-json\/wp\/v2\/comments?post=12129"}],"version-history":[{"count":0,"href":"https:\/\/theark.ch\/fr\/wp-json\/wp\/v2\/posts\/12129\/revisions"}],"wp:attachment":[{"href":"https:\/\/theark.ch\/fr\/wp-json\/wp\/v2\/media?parent=12129"}],"wp:term":[{"taxonomy":"category","embeddable":true,"href":"https:\/\/theark.ch\/fr\/wp-json\/wp\/v2\/categories?post=12129"},{"taxonomy":"post_tag","embeddable":true,"href":"https:\/\/theark.ch\/fr\/wp-json\/wp\/v2\/tags?post=12129"}],"curies":[{"name":"wp","href":"https:\/\/api.w.org\/{rel}","templated":true}]}}