{"id":12137,"date":"2016-09-14T13:18:00","date_gmt":"2016-09-14T11:18:00","guid":{"rendered":"http:\/\/theark.ch\/les-quartiers-elements-centraux-de-la-transition-energetique-8544\/"},"modified":"2016-09-14T13:18:00","modified_gmt":"2016-09-14T11:18:00","slug":"les-quartiers-elements-centraux-de-la-transition-energetique-8544","status":"publish","type":"post","link":"https:\/\/theark.ch\/fr\/news\/les-quartiers-elements-centraux-de-la-transition-energetique-8544\/","title":{"rendered":"Les quartiers, \u00e9l\u00e9ments centraux de la transition \u00e9nerg\u00e9tique ?"},"content":{"rendered":"<p><strong>La transition \u00e9nerg\u00e9tique et les r\u00e9seaux \u00e9lectriques doivent pouvoir compter sur l\u2019appui des b\u00e2timents, qui peuvent tout faire au niveau de l\u2019\u00e9nergie : la stocker, la r\u00e9partir ou la consommer. Surtout s\u2019ils sont mis en r\u00e9seau au niveau local. \u00ab La tendance va dans tous les cas vers un syst\u00e8me d\u00e9centralis\u00e9 global \u00bb, a soulign\u00e9 le professeur Matthias Sulzer, \u00e0 l\u2019occasion de la 6e journ\u00e9e nationale <a href=\"http:\/\/www.booking-corner.com\/portalCimArk\/cmsscripts\/default.aspx\" target=\"_blank\" rel=\"noopener\">Smart Energy<\/a> de Sion.\u00a0<\/strong><\/p>\n<p>\u00ab L\u2019\u00e9nergie est assez b\u00eate. Elle va toujours l\u00e0 o\u00f9 la tension est la plus basse. L\u2019id\u00e9e est plut\u00f4t de former des gens pour qu\u2019ils utilisent de mani\u00e8re efficiente l\u2019\u00e9nergie. C\u2019est cela les smart energy \u00bb a pr\u00e9cis\u00e9 en introduction Matthias Sulzer, qui est \u00e9galement CEO de l\u2019entreprise <a href=\"http:\/\/www.lauber-iwisa.ch\/meta\/home\" target=\"_blank\" rel=\"noopener\">Lauber Iwisa<\/a>.\u00a0<\/p>\n<p>Les diff\u00e9rents travaux de Matthias Sulzer, notamment dans le cadre du <a href=\"http:\/\/www.sccer-soe.ch\/\" target=\"_blank\" rel=\"noopener\">SCCER<\/a> d\u00e9di\u00e9 au Future Energy Efficient Buildings and Districts, se concentrent sur les b\u00e2timents et leur apport possible \u00e0 la transition \u00e9nerg\u00e9tique. Le parc immobilier du pays repr\u00e9sente en effet 40% de la consommation d\u2019\u00e9nergie. \u00ab Le but des recherches est d\u2019arriver \u00e0 travailler avec les \u00e9nergies renouvelables et de diviser par trois les importations d\u2019\u00e9nergies fossiles \u00bb.<\/p>\n<p>\u00a0<\/p>\n<p><strong>Chaque b\u00e2timent fait ce qu\u2019il sait le mieux faire<\/strong><br \/>\nLes b\u00e2timents\u00a0 doivent pouvoir tout faire : produire, r\u00e9partir l\u2019\u00e9nergie ou encore la stocker. Mais est-ce utile \u00e9conomiquement de travailler b\u00e2timent par b\u00e2timent ?\u00a0Il est plus efficace de mettre les b\u00e2timents en r\u00e9seau, selon Matthias Sulzer. \u00ab Ainsi, chaque b\u00e2timent peut effectuer ce qu\u2019il sait le mieux faire (produire de l\u2019\u00e9nergie solaire, accumuler l\u2019\u00e9nergie\u2026) \u00bb.<\/p>\n<p>Pour y arriver, une infrastructure multi-grid doit \u00eatre mise en place. Celle-ci permet d\u2019avoir de la flexibilit\u00e9 avec toutes les sortes d\u2019\u00e9nergie (gaz, thermique\u2026). L\u2019infrastructure doit \u00e9galement \u00eatre ouverte pour les nouvelles technologies. \u00ab Nous avons besoin de donn\u00e9es pour appliquer de mani\u00e8re optimale ces multi-grids \u00bb.<\/p>\n<p>\u00a0<\/p>\n<p><strong>Tests et simulations<\/strong><br \/>\nDans le cadre des recherches en cours dans le <a href=\"http:\/\/www.sccer-soe.ch\/\" target=\"_blank\" rel=\"noopener\">SCCER<\/a>, des tests, avec des donn\u00e9es au quart d\u2019heure, sont r\u00e9alis\u00e9s dans certains quartiers. Le but est de d\u00e9tecter quels sont les b\u00e2timents utiles et les technologies n\u00e9cessaires pour am\u00e9liorer l\u2019efficience. Les consommations sont \u00e9galement analys\u00e9es et crois\u00e9es. Cela sert ensuite de base pour d\u00e9velopper les syst\u00e8mes. \u00ab Ces tests sont plus faciles aujourd\u2019hui, gr\u00e2ce au Big data \u00bb.\u00a0<br \/>\n\u00a0<\/p>\n<p>Apr\u00e8s avoir recueilli les donn\u00e9es, des simulations concr\u00e8tes sont effectu\u00e9es par informatique. Cela permet de voir quelles sont les implications futures et quelles sont les influences sur les infrastructures. \u00ab Au final, on peut investir intelligemment dans d\u2019\u00e9ventuelles nouvelles infrastructures ou technologies \u00bb.\u00a0<\/p>\n<p>\n<strong>Cr\u00e9dit photo<\/strong>\u00a0: photoval.ch\/Val\u00e9rie\u00a0Pinauda<br \/>\n\u200b<em>Propos<\/em><em> recueillis le 8 septembre 2016<\/em><\/p>\n<p>\u00a0<\/p>\n<p>\u00a0<\/p>\n","protected":false},"excerpt":{"rendered":"<p>La transition \u00e9nerg\u00e9tique et les r\u00e9seaux \u00e9lectriques doivent pouvoir compter sur l\u2019appui des b\u00e2timents, qui peuvent tout faire au niveau de l\u2019\u00e9nergie : la stocker, la r\u00e9partir ou la consommer. Surtout s\u2019ils sont mis en r\u00e9seau au niveau local. \u00ab La tendance va dans tous les cas vers un syst\u00e8me d\u00e9centralis\u00e9 global \u00bb, a soulign\u00e9 [&hellip;]<\/p>\n","protected":false},"author":1,"featured_media":0,"comment_status":"closed","ping_status":"closed","sticky":false,"template":"","format":"standard","meta":{"_acf_changed":false,"footnotes":""},"categories":[189],"tags":[],"class_list":["post-12137","post","type-post","status-publish","format-standard","hentry","category-energie"],"acf":[],"_links":{"self":[{"href":"https:\/\/theark.ch\/fr\/wp-json\/wp\/v2\/posts\/12137","targetHints":{"allow":["GET"]}}],"collection":[{"href":"https:\/\/theark.ch\/fr\/wp-json\/wp\/v2\/posts"}],"about":[{"href":"https:\/\/theark.ch\/fr\/wp-json\/wp\/v2\/types\/post"}],"author":[{"embeddable":true,"href":"https:\/\/theark.ch\/fr\/wp-json\/wp\/v2\/users\/1"}],"replies":[{"embeddable":true,"href":"https:\/\/theark.ch\/fr\/wp-json\/wp\/v2\/comments?post=12137"}],"version-history":[{"count":0,"href":"https:\/\/theark.ch\/fr\/wp-json\/wp\/v2\/posts\/12137\/revisions"}],"wp:attachment":[{"href":"https:\/\/theark.ch\/fr\/wp-json\/wp\/v2\/media?parent=12137"}],"wp:term":[{"taxonomy":"category","embeddable":true,"href":"https:\/\/theark.ch\/fr\/wp-json\/wp\/v2\/categories?post=12137"},{"taxonomy":"post_tag","embeddable":true,"href":"https:\/\/theark.ch\/fr\/wp-json\/wp\/v2\/tags?post=12137"}],"curies":[{"name":"wp","href":"https:\/\/api.w.org\/{rel}","templated":true}]}}