{"id":12145,"date":"2016-09-14T13:22:00","date_gmt":"2016-09-14T11:22:00","guid":{"rendered":"http:\/\/theark.ch\/pour-des-smart-grids-decentralises-et-federalistes-8545\/"},"modified":"2016-09-14T13:22:00","modified_gmt":"2016-09-14T11:22:00","slug":"pour-des-smart-grids-decentralises-et-federalistes-8545","status":"publish","type":"post","link":"https:\/\/theark.ch\/fr\/news\/pour-des-smart-grids-decentralises-et-federalistes-8545\/","title":{"rendered":"Pour des smart grids d\u00e9centralis\u00e9s et f\u00e9d\u00e9ralistes"},"content":{"rendered":"<p><strong>Pour absorber l\u2019intermittence des nouvelles \u00e9nergies, deux solutions existent : \u00e9largir la capacit\u00e9 physique des r\u00e9seaux ou mettre en place des r\u00e9seaux intelligents. \u00ab Je pr\u00e9f\u00e8re cette derni\u00e8re solution \u00bb, a pr\u00e9cis\u00e9 le prof. <a href=\"https:\/\/www.ethz.ch\/de.html\" target=\"_blank\" rel=\"noopener\">EPFZ<\/a> Anton Gunzinger. Ce dernier appelle \u00e0 la mise en place de smart grids d\u00e9centralis\u00e9s, sur le mod\u00e8le f\u00e9d\u00e9raliste. Ceci permettra d\u2019augmenter la robustesse de l\u2019ensemble. \u00a0<\/strong><\/p>\n<p>L\u2019id\u00e9e de smart grids d\u00e9centralis\u00e9s a \u00e9t\u00e9 d\u00e9velopp\u00e9e par le professeur Gunzinger lors de la Journ\u00e9e nationale <a href=\"http:\/\/www.booking-corner.com\/portalCimArk\/cmsscripts\/default.aspx\" target=\"_blank\" rel=\"noopener\">Smart Energy<\/a> de Sion. Le but est de donner la conduite des r\u00e9seaux r\u00e9gion par r\u00e9gion. Ces aspects ont \u00e9t\u00e9 test\u00e9s dans plusieurs r\u00e9gions de Suisse, notamment dans l\u2019Oberland bernois et \u00e0 Zurich.\u00a0<\/p>\n<p>Au final, on peut constater que les mesures \u00e0 la seconde pour conna\u00eetre ce qui se passe sur le r\u00e9seau sont pertinentes. Par ailleurs, les smart grids doivent \u00eatre construits de mani\u00e8re f\u00e9d\u00e9raliste. \u00ab Chaque sous-r\u00e9seau local doit pouvoir d\u00e9cider de ses actions de mani\u00e8re autonome, tout en prenant en compte l\u2019aspect global (national). Certaines choses seront g\u00e9r\u00e9es au niveau global et d\u2019autres au niveau local \u00bb.\u00a0<br \/>\n\u00a0<\/p>\n<p><strong>Anticiper les probl\u00e8mes<\/strong><br \/>\nPour garantir le succ\u00e8s de cette initiative, une plaque tournante des donn\u00e9es doit \u00e9galement \u00eatre mise en place. Tout ce qui est possible du niveau de la technique des donn\u00e9es est possible pour l\u2019\u00e9nergie. Le succ\u00e8s de ce mod\u00e8le d\u00e9pend \u00e9galement de l\u2019\u00e9tat physique du r\u00e9seau.\u00a0<\/p>\n<p>Le but de ces mesures des smart grids d\u00e9centralis\u00e9s est bien d\u2019anticiper les pannes et probl\u00e8mes, et de savoir ce qui se passe sur le r\u00e9seau. \u00ab Dans la r\u00e9gion de Zurich, on dit souvent que le r\u00e9seau est muni de 400 capteurs que sont les personnes qui t\u00e9l\u00e9phonent pour se plaindre d\u2019une coupure d\u2019\u00e9lectricit\u00e9. Dans le monde digitalis\u00e9 actuel, il y a possibilit\u00e9 de faire mieux \u00bb, conclut le prof. Gunzinger. \u00a0\u00a0<br \/>\n\u00a0<\/p>\n<p><strong>Cr\u00e9dit photo<\/strong>\u00a0: photoval.ch\/Val\u00e9rie\u00a0Pinauda<br \/>\n<em>Propos recueillis le 8 septembre 2016<\/em><\/p>\n<p>\u00a0<\/p>\n","protected":false},"excerpt":{"rendered":"<p>Pour absorber l\u2019intermittence des nouvelles \u00e9nergies, deux solutions existent : \u00e9largir la capacit\u00e9 physique des r\u00e9seaux ou mettre en place des r\u00e9seaux intelligents. \u00ab Je pr\u00e9f\u00e8re cette derni\u00e8re solution \u00bb, a pr\u00e9cis\u00e9 le prof. EPFZ Anton Gunzinger. Ce dernier appelle \u00e0 la mise en place de smart grids d\u00e9centralis\u00e9s, sur le mod\u00e8le f\u00e9d\u00e9raliste. Ceci permettra [&hellip;]<\/p>\n","protected":false},"author":1,"featured_media":0,"comment_status":"closed","ping_status":"closed","sticky":false,"template":"","format":"standard","meta":{"_acf_changed":false,"footnotes":""},"categories":[189],"tags":[],"class_list":["post-12145","post","type-post","status-publish","format-standard","hentry","category-energie"],"acf":[],"_links":{"self":[{"href":"https:\/\/theark.ch\/fr\/wp-json\/wp\/v2\/posts\/12145","targetHints":{"allow":["GET"]}}],"collection":[{"href":"https:\/\/theark.ch\/fr\/wp-json\/wp\/v2\/posts"}],"about":[{"href":"https:\/\/theark.ch\/fr\/wp-json\/wp\/v2\/types\/post"}],"author":[{"embeddable":true,"href":"https:\/\/theark.ch\/fr\/wp-json\/wp\/v2\/users\/1"}],"replies":[{"embeddable":true,"href":"https:\/\/theark.ch\/fr\/wp-json\/wp\/v2\/comments?post=12145"}],"version-history":[{"count":0,"href":"https:\/\/theark.ch\/fr\/wp-json\/wp\/v2\/posts\/12145\/revisions"}],"wp:attachment":[{"href":"https:\/\/theark.ch\/fr\/wp-json\/wp\/v2\/media?parent=12145"}],"wp:term":[{"taxonomy":"category","embeddable":true,"href":"https:\/\/theark.ch\/fr\/wp-json\/wp\/v2\/categories?post=12145"},{"taxonomy":"post_tag","embeddable":true,"href":"https:\/\/theark.ch\/fr\/wp-json\/wp\/v2\/tags?post=12145"}],"curies":[{"name":"wp","href":"https:\/\/api.w.org\/{rel}","templated":true}]}}