{"id":12153,"date":"2016-09-14T14:02:00","date_gmt":"2016-09-14T12:02:00","guid":{"rendered":"http:\/\/theark.ch\/lenergie-flexible-nest-pas-encore-un-nouvel-eldorado-8546\/"},"modified":"2016-09-14T14:02:00","modified_gmt":"2016-09-14T12:02:00","slug":"lenergie-flexible-nest-pas-encore-un-nouvel-eldorado-8546","status":"publish","type":"post","link":"https:\/\/theark.ch\/fr\/news\/lenergie-flexible-nest-pas-encore-un-nouvel-eldorado-8546\/","title":{"rendered":"L\u2019\u00e9nergie flexible n\u2019est (pas encore) un nouvel eldorado"},"content":{"rendered":"<p><strong>L\u2019\u00e9nergie flexible est une composante centrale du syst\u00e8me \u00e9nerg\u00e9tique actuel. Et pourtant, en cette p\u00e9riode de prix tr\u00e8s bas sur les march\u00e9s \u00e9nerg\u00e9tiques, elle n\u2019est pas r\u00e9mun\u00e9r\u00e9e \u00e0 sa juste valeur, selon Nicolas Charton, associ\u00e9 chez <a href=\"http:\/\/e-cube.com\/fr\/\" target=\"_blank\" rel=\"noopener\">E-Cube Strategy Consultants<\/a>. Elle n\u2019est donc pas encore le nouvel eldorado \u00e9lectrique, d\u2019autant qu\u2019elle doit s\u2019appuyer sur un cadre r\u00e9glementaire encore \u00e0 cr\u00e9er.\u00a0<\/strong><\/p>\n<p>La flexibilit\u00e9 \u00e9nerg\u00e9tique peut prendre beaucoup de formes diff\u00e9rentes : flexibilit\u00e9 dans le stockage, la production, la consommation. On peut \u00e9galement penser \u00e0 une flexibilit\u00e9 \u00e0 tr\u00e8s court terme ou de fa\u00e7on saisonni\u00e8re, \u00e0 une flexibilit\u00e9 mono-\u00e9nergie ou multi-\u00e9nergies, ou encore une flexibilit\u00e9 \u00e0 la hausse ou \u00e0 la baisse. \u00ab Quoi qu\u2019il en soit, c\u2019est une composante c\u0153ur du syst\u00e8me \u00e9nerg\u00e9tique, surtout avec l\u2019arriv\u00e9e en force des nouvelles \u00e9nergies renouvelables et la production<br \/>\nd\u00e9centralis\u00e9e \u00bb, selon Nicolas Charton, qui s\u2019exprimait lors de la 6e Journ\u00e9e nationale <a href=\"http:\/\/www.booking-corner.com\/portalCimArk\/cmsscripts\/default.aspx\" target=\"_blank\" rel=\"noopener\">Smart Energy<\/a> de Sion.\u00a0<\/p>\n<p>Au d\u00e9but, la flexibilit\u00e9 du r\u00e9seau \u00e9lectrique \u00e9tait r\u00e9gl\u00e9e presque exclusivement par l\u2019hydro\u00e9lectricit\u00e9. \u00ab Aujourd\u2019hui, les \u00e9quilibres changent, avec les productions intermittentes. Les \u00e9quilibres sont plus localis\u00e9s \u00bb. Outre cette d\u00e9centralisation des \u00e9quilibres, la digitalisation permet de renforcer la flexibilit\u00e9 de l\u2019\u00e9nergie. Pourtant, les ouvrages hydro\u00e9lectriques repr\u00e9sentent une offre massive pour la Suisse, d\u2019o\u00f9 les exportations n\u00e9cessaires. \u00ab Aujourd\u2019hui, cette flexibilit\u00e9 n\u2019est pas r\u00e9mun\u00e9r\u00e9e. Depuis 2006, il y a m\u00eame une r\u00e9duction massive de la r\u00e9mun\u00e9ration, et de l\u2019\u00e9nergie en g\u00e9n\u00e9ral. Cela conduit \u00e0 mettre en difficult\u00e9 certaines entreprises du domaine \u00bb.\u00a0<\/p>\n<p>Les prix n\u00e9gatifs sur le march\u00e9 de l\u2019\u00e9lectricit\u00e9 sont une d\u00e9monstration du manque de flexibilit\u00e9 du syst\u00e8me \u00e9lectrique actuel. \u00ab Le syst\u00e8me ne peut pas s\u2019adapter, donc il paie pour des diminutions de consommation \u00bb.\u00a0<br \/>\nL\u2019effacement de la demande, qui consiste \u00e0 renoncer \u00e0 consommer ou consommer \u00e0 une p\u00e9riode pr\u00e9cise uniquement, a le vent en poupe actuellement. Plusieurs techniques sont employ\u00e9es par les grands consommateurs, comme le recours \u00e0 des g\u00e9n\u00e9rateurs diesel, une modulation des temp\u00e9ratures dans les b\u00e2timents ou du stockage dans les granulats au niveau de certaines industries.<\/p>\n<p>\n<strong>La flexibilit\u00e9 au lieu des investissements<\/strong><br \/>\nMais les prix restent \u00e9galement bas. L\u2019autre aspect \u00e0 prendre en compte est le m\u00e9canisme r\u00e9glementaire, qui est la base de tout ce qui touche \u00e0 la flexibilit\u00e9. \u00ab Actuellement, on peut envisager de stocker au niveau local au lieu d\u2019investir dans le d\u00e9veloppement des r\u00e9seaux de distribution. Or, les distributeurs qui ont investi dans le r\u00e9seau veulent le rentabiliser et le cadre l\u00e9gal prot\u00e8ge cet aspect. \u00bb\u00a0<\/p>\n<p>Mais que peut faire la Suisse pour am\u00e9liorer la situation au niveau r\u00e9glementaire ? Elle pourrait par exemple favoriser les \u00e9changes transfrontaliers, faire \u00e9voluer la RPC ou faire participer les consommateurs dans les syst\u00e8mes, conclut Nicolas Charton.\u00a0<br \/>\n\u00a0<\/p>\n<p><strong>Cr\u00e9dit photo<\/strong>\u00a0: photoval.ch\/Val\u00e9rie\u00a0Pinauda<br \/>\n\u200b<em>Propos<\/em><em> recueillis le 8 septembre 2016<\/em><\/p>\n<p>\u00a0<\/p>\n","protected":false},"excerpt":{"rendered":"<p>L\u2019\u00e9nergie flexible est une composante centrale du syst\u00e8me \u00e9nerg\u00e9tique actuel. Et pourtant, en cette p\u00e9riode de prix tr\u00e8s bas sur les march\u00e9s \u00e9nerg\u00e9tiques, elle n\u2019est pas r\u00e9mun\u00e9r\u00e9e \u00e0 sa juste valeur, selon Nicolas Charton, associ\u00e9 chez E-Cube Strategy Consultants. Elle n\u2019est donc pas encore le nouvel eldorado \u00e9lectrique, d\u2019autant qu\u2019elle doit s\u2019appuyer sur un cadre [&hellip;]<\/p>\n","protected":false},"author":1,"featured_media":0,"comment_status":"closed","ping_status":"closed","sticky":false,"template":"","format":"standard","meta":{"_acf_changed":false,"footnotes":""},"categories":[189],"tags":[],"class_list":["post-12153","post","type-post","status-publish","format-standard","hentry","category-energie"],"acf":[],"_links":{"self":[{"href":"https:\/\/theark.ch\/fr\/wp-json\/wp\/v2\/posts\/12153","targetHints":{"allow":["GET"]}}],"collection":[{"href":"https:\/\/theark.ch\/fr\/wp-json\/wp\/v2\/posts"}],"about":[{"href":"https:\/\/theark.ch\/fr\/wp-json\/wp\/v2\/types\/post"}],"author":[{"embeddable":true,"href":"https:\/\/theark.ch\/fr\/wp-json\/wp\/v2\/users\/1"}],"replies":[{"embeddable":true,"href":"https:\/\/theark.ch\/fr\/wp-json\/wp\/v2\/comments?post=12153"}],"version-history":[{"count":0,"href":"https:\/\/theark.ch\/fr\/wp-json\/wp\/v2\/posts\/12153\/revisions"}],"wp:attachment":[{"href":"https:\/\/theark.ch\/fr\/wp-json\/wp\/v2\/media?parent=12153"}],"wp:term":[{"taxonomy":"category","embeddable":true,"href":"https:\/\/theark.ch\/fr\/wp-json\/wp\/v2\/categories?post=12153"},{"taxonomy":"post_tag","embeddable":true,"href":"https:\/\/theark.ch\/fr\/wp-json\/wp\/v2\/tags?post=12153"}],"curies":[{"name":"wp","href":"https:\/\/api.w.org\/{rel}","templated":true}]}}