{"id":12169,"date":"2016-09-14T17:19:00","date_gmt":"2016-09-14T15:19:00","guid":{"rendered":"http:\/\/theark.ch\/le-monde-politique-acteur-cle-de-la-transition-energetique-8548\/"},"modified":"2016-09-14T17:19:00","modified_gmt":"2016-09-14T15:19:00","slug":"le-monde-politique-acteur-cle-de-la-transition-energetique-8548","status":"publish","type":"post","link":"https:\/\/theark.ch\/fr\/news\/le-monde-politique-acteur-cle-de-la-transition-energetique-8548\/","title":{"rendered":"Le monde politique, acteur cl\u00e9 de la transition \u00e9nerg\u00e9tique"},"content":{"rendered":"<p><strong>La politique a actuellement une large partie des cl\u00e9s de la transition \u00e9nerg\u00e9tique. L\u2019aspect r\u00e9glementaire d\u00e9cide en effet de ce qui peut \u00eatre r\u00e9alis\u00e9 ou pas autour des r\u00e9seaux \u00e9lectriques. Les avis divergent sur la pression que doivent mettre les acteurs de l\u2019\u00e9nergie au monde politique, \u00e0 l\u2019issue de la table ronde organis\u00e9e dans le cadre de la 6e Journ\u00e9e nationale <a href=\"http:\/\/www.booking-corner.com\/portalCimArk\/cmsscripts\/default.aspx\" target=\"_blank\" rel=\"noopener\">Smart Energy<\/a> de Sion.<\/strong><\/p>\n<p>\u00ab Pour ma part, je suis heureux que le processus politique suisse avance plus lentement\u00a0qu\u2019ailleurs \u00bb,\u00a0a\u00a0soulign\u00e9 le prof. Matthias Sulzer, CEO de <a href=\"http:\/\/www.lauber-iwisa.ch\/meta\/home\" target=\"_blank\" rel=\"noopener\">Lauber Iwisa<\/a>. \u00ab Cela permet aux acteurs et aux chercheurs de s\u2019adapter au mieux. A San Francisco, par exemple, c\u2019est effrayant : tout est rapide, tout est possible, mais il manque l\u2019infrastructure de base et c\u2019est un probl\u00e8me \u00bb.\u00a0<\/p>\n<p>Les politiciens doivent prendre en consid\u00e9ration diff\u00e9rents aspects dans leurs d\u00e9cisions : le prix (tr\u00e8s important pour les acteurs industriels en recherche de rentabilit\u00e9), la protection de l\u2019environnement (ch\u00e8re \u00e0 de plus en plus de citoyens). \u00ab Mais d\u2019un point de vue technique, le d\u00e9fi est \u00e9norme. Il s\u2019agit d\u2019installer rapidement des compteurs intelligents \u00bb. Reste que le monde politique est emb\u00eat\u00e9 : il ne peut pas revenir en arri\u00e8re et il est difficile d\u2019aller plus vite. \u00a0<\/p>\n<p>Selon le professeur <a href=\"https:\/\/www.ethz.ch\/de.html\" target=\"_blank\" rel=\"noopener\">EPFZ<\/a> Anton Gunzinger, l\u2019\u00e9conomie verte n\u2019est pas une question de produire moins d\u2019\u00e9missions de CO2. \u00ab C\u2019est tout simplement une question de survie \u00bb. Le prix des \u00e9nergies fossiles va augmenter au cours des 30 prochaines ann\u00e9es, sans r\u00e9\u00e9valuation de nos monnaies. \u00ab Il faut r\u00e9agir vite au niveau politique \u00bb. Et Anton Gunzinger de prendre le parall\u00e8le des paravalanches dans les r\u00e9gions alpines. \u00ab C\u2019est en \u00e9t\u00e9 que les travaux doivent \u00eatre entrepris. En hiver, lorsque la neige est l\u00e0, c\u2019est trop tard. Or, l\u2019hiver viendra\u2026 \u00bb<\/p>\n<p>De son c\u00f4t\u00e9 Gr\u00e9goire Leclercq, cofondateur de l\u2019<a href=\"http:\/\/www.uberisation.org\/\" target=\"_blank\" rel=\"noopener\">Observatoire de l\u2019ub\u00e9risation<\/a>, sugg\u00e8re aux acteurs de l\u2019\u00e9nergie de parler aux politiques avec p\u00e9dagogie et bienveillance. \u00ab La plupart d\u2019entre eux cherchent \u00e0 comprendre \u00bb.\u00a0<br \/>\n\u00a0<\/p>\n<p>\u00a0<\/p>\n<p><strong>Cr\u00e9dit photo<\/strong>\u00a0: photoval.ch\/Val\u00e9rie Pinauda<br \/>\n<em>Propos recueillis le 8 septembre 2016<\/em><\/p>\n<p>\u00a0<\/p>\n","protected":false},"excerpt":{"rendered":"<p>La politique a actuellement une large partie des cl\u00e9s de la transition \u00e9nerg\u00e9tique. L\u2019aspect r\u00e9glementaire d\u00e9cide en effet de ce qui peut \u00eatre r\u00e9alis\u00e9 ou pas autour des r\u00e9seaux \u00e9lectriques. Les avis divergent sur la pression que doivent mettre les acteurs de l\u2019\u00e9nergie au monde politique, \u00e0 l\u2019issue de la table ronde organis\u00e9e dans le [&hellip;]<\/p>\n","protected":false},"author":1,"featured_media":0,"comment_status":"closed","ping_status":"closed","sticky":false,"template":"","format":"standard","meta":{"_acf_changed":false,"footnotes":""},"categories":[189],"tags":[],"class_list":["post-12169","post","type-post","status-publish","format-standard","hentry","category-energie"],"acf":[],"_links":{"self":[{"href":"https:\/\/theark.ch\/fr\/wp-json\/wp\/v2\/posts\/12169","targetHints":{"allow":["GET"]}}],"collection":[{"href":"https:\/\/theark.ch\/fr\/wp-json\/wp\/v2\/posts"}],"about":[{"href":"https:\/\/theark.ch\/fr\/wp-json\/wp\/v2\/types\/post"}],"author":[{"embeddable":true,"href":"https:\/\/theark.ch\/fr\/wp-json\/wp\/v2\/users\/1"}],"replies":[{"embeddable":true,"href":"https:\/\/theark.ch\/fr\/wp-json\/wp\/v2\/comments?post=12169"}],"version-history":[{"count":0,"href":"https:\/\/theark.ch\/fr\/wp-json\/wp\/v2\/posts\/12169\/revisions"}],"wp:attachment":[{"href":"https:\/\/theark.ch\/fr\/wp-json\/wp\/v2\/media?parent=12169"}],"wp:term":[{"taxonomy":"category","embeddable":true,"href":"https:\/\/theark.ch\/fr\/wp-json\/wp\/v2\/categories?post=12169"},{"taxonomy":"post_tag","embeddable":true,"href":"https:\/\/theark.ch\/fr\/wp-json\/wp\/v2\/tags?post=12169"}],"curies":[{"name":"wp","href":"https:\/\/api.w.org\/{rel}","templated":true}]}}