{"id":12177,"date":"2016-09-14T18:30:00","date_gmt":"2016-09-14T16:30:00","guid":{"rendered":"http:\/\/theark.ch\/les-donnees-energetiques-un-combat-de-titans-en-vue-8549\/"},"modified":"2016-09-14T18:30:00","modified_gmt":"2016-09-14T16:30:00","slug":"les-donnees-energetiques-un-combat-de-titans-en-vue-8549","status":"publish","type":"post","link":"https:\/\/theark.ch\/fr\/news\/les-donnees-energetiques-un-combat-de-titans-en-vue-8549\/","title":{"rendered":"Les donn\u00e9es \u00e9nerg\u00e9tiques : un combat de titans en vue"},"content":{"rendered":"<p><strong>A qui appartiennent les donn\u00e9es \u00e9nerg\u00e9tiques issues des compteurs intelligents ou des diff\u00e9rents capteurs qui se d\u00e9mocratisent de plus en plus ? Cette question est tr\u00e8s sensible, avec l\u2019apparition des compteurs intelligents et des smart grids. Outre la question de la propri\u00e9t\u00e9, la donn\u00e9e est au centre d\u2019un combat de titans sur la mani\u00e8re de la mon\u00e9tiser.<\/strong>\u00a0<\/p>\n<p>La sensibilit\u00e9 par rapport aux donn\u00e9es priv\u00e9es n\u2019est pas la m\u00eame en fonction des g\u00e9n\u00e9rations. \u00ab A l\u2019heure de Facebook et des drones, les jeunes g\u00e9n\u00e9rations semblent moins sensibles \u00e0 la propri\u00e9t\u00e9 des donn\u00e9es \u00bb, a remarqu\u00e9 Paul Michellod, directeur de <a href=\"http:\/\/www.fmv.ch\/\" target=\"_blank\" rel=\"noopener\">FMV<\/a>, lors de la table ronde de la Journ\u00e9e <a href=\"http:\/\/www.booking-corner.com\/portalCimArk\/cmsscripts\/default.aspx\" target=\"_blank\" rel=\"noopener\">Smart Energy<\/a> de Sion.\u00a0<\/p>\n<p>Selon le professeur Matthias Sulzer, les r\u00e9gulateurs sont toujours en retard sur la digitalisation. \u00ab C\u2019est au final le client qui d\u00e9cidera de ce qui sera fait de ses donn\u00e9es. S\u2019il n\u2019en retire pas de b\u00e9n\u00e9fice, il ne va pas \u00eatre d\u2019accord de donner ses donn\u00e9es \u00bb.\u00a0<\/p>\n<p>\u00a0<\/p>\n<p><strong>Le pouvoir de la donn\u00e9e est central<\/strong><br \/>\nPour sa part, Gr\u00e9goire Leclercq, cofondateur de l\u2019<a href=\"http:\/\/www.uberisation.org\/\" target=\"_blank\" rel=\"noopener\">Observatoire de l\u2019Ub\u00e9risation<\/a>, rel\u00e8ve qu\u2019un combat de titans est en train de s\u2019engager au niveau des donn\u00e9es, notamment sur la fa\u00e7on dont on va les exploiter et les mon\u00e9tiser. Il prend l\u2019exemple d\u2019Uber, qui dispose de l\u2019information sur le niveau de batterie des smartphones de chaque utilisateur de son application. \u00a0<\/p>\n<p>L\u2019entreprise am\u00e9ricaine a fait r\u00e9cemment un test : l\u2019id\u00e9e \u00e9tait d\u2019augmenter le prix de la course de taxi en fonction du niveau de batterie du t\u00e9l\u00e9phone. Plus le niveau de batterie \u00e9tait faible, plus le prix de la course \u00e9lev\u00e9. Au final, 100% des clients ont fini par commander une course. \u00ab Le pouvoir de la donn\u00e9e est central, m\u00eame si, dans cet exemple, le comportement des utilisateurs \u00e9tait guid\u00e9 de mani\u00e8re inconsciente \u00bb. \u00a0<\/p>\n<p>\u00a0<\/p>\n<p><strong>Cr\u00e9dit photo<\/strong> : photoval.ch\/Val\u00e9rie Pinauda<br \/>\n\u200b<em>Propos<\/em><em> recueillis le 8 septembre 2016<\/em><\/p>\n<p>\u00a0<\/p>\n","protected":false},"excerpt":{"rendered":"<p>A qui appartiennent les donn\u00e9es \u00e9nerg\u00e9tiques issues des compteurs intelligents ou des diff\u00e9rents capteurs qui se d\u00e9mocratisent de plus en plus ? Cette question est tr\u00e8s sensible, avec l\u2019apparition des compteurs intelligents et des smart grids. Outre la question de la propri\u00e9t\u00e9, la donn\u00e9e est au centre d\u2019un combat de titans sur la mani\u00e8re de [&hellip;]<\/p>\n","protected":false},"author":1,"featured_media":0,"comment_status":"closed","ping_status":"closed","sticky":false,"template":"","format":"standard","meta":{"_acf_changed":false,"footnotes":""},"categories":[186],"tags":[],"class_list":["post-12177","post","type-post","status-publish","format-standard","hentry","category-digital"],"acf":[],"_links":{"self":[{"href":"https:\/\/theark.ch\/fr\/wp-json\/wp\/v2\/posts\/12177","targetHints":{"allow":["GET"]}}],"collection":[{"href":"https:\/\/theark.ch\/fr\/wp-json\/wp\/v2\/posts"}],"about":[{"href":"https:\/\/theark.ch\/fr\/wp-json\/wp\/v2\/types\/post"}],"author":[{"embeddable":true,"href":"https:\/\/theark.ch\/fr\/wp-json\/wp\/v2\/users\/1"}],"replies":[{"embeddable":true,"href":"https:\/\/theark.ch\/fr\/wp-json\/wp\/v2\/comments?post=12177"}],"version-history":[{"count":0,"href":"https:\/\/theark.ch\/fr\/wp-json\/wp\/v2\/posts\/12177\/revisions"}],"wp:attachment":[{"href":"https:\/\/theark.ch\/fr\/wp-json\/wp\/v2\/media?parent=12177"}],"wp:term":[{"taxonomy":"category","embeddable":true,"href":"https:\/\/theark.ch\/fr\/wp-json\/wp\/v2\/categories?post=12177"},{"taxonomy":"post_tag","embeddable":true,"href":"https:\/\/theark.ch\/fr\/wp-json\/wp\/v2\/tags?post=12177"}],"curies":[{"name":"wp","href":"https:\/\/api.w.org\/{rel}","templated":true}]}}