{"id":12193,"date":"2016-09-14T19:37:00","date_gmt":"2016-09-14T17:37:00","guid":{"rendered":"http:\/\/theark.ch\/le-reseau-electrique-davantage-quun-transporteur-delectricite-8551\/"},"modified":"2016-09-14T19:37:00","modified_gmt":"2016-09-14T17:37:00","slug":"le-reseau-electrique-davantage-quun-transporteur-delectricite-8551","status":"publish","type":"post","link":"https:\/\/theark.ch\/fr\/news\/le-reseau-electrique-davantage-quun-transporteur-delectricite-8551\/","title":{"rendered":"Le r\u00e9seau \u00e9lectrique, davantage qu\u2019un transporteur d\u2019\u00e9lectricit\u00e9"},"content":{"rendered":"<p><strong>Dans un contexte de stagnation, voire de baisse de la consommation, les r\u00e9seaux \u00e9lectriques doivent faire davantage que transporter de l\u2019\u00e9nergie. Dans le sillage de la num\u00e9risation croissante de la soci\u00e9t\u00e9, les services propos\u00e9s par les r\u00e9seaux doivent \u00eatre diversifi\u00e9s, par exemple en produisant et transmettant des donn\u00e9es utilisables localement. Telle est la conviction d\u2019Olivier Grabette, directeur g\u00e9n\u00e9ral adjoint de <a href=\"http:\/\/www.rte-france.com\/\" target=\"_blank\" rel=\"noopener\">RTE (France)<\/a>, qui s\u2019exprimait lors de la 6e Journ\u00e9e nationale <a href=\"http:\/\/www.booking-corner.com\/portalCimArk\/cmsscripts\/default.aspx\" target=\"_blank\" rel=\"noopener\">Smart Energy<\/a> de Sion et qui prouve par les actes que le r\u00e9seau peut \u00eatre un moteur de la transition \u00e9nerg\u00e9tique.\u00a0<\/strong><\/p>\n<p>\u00ab Notre entreprise a pour m\u00e9tier aujourd\u2019hui d\u2019apporter de la s\u00e9r\u00e9nit\u00e9 \u00bb, selon Olivier Grabette. Auparavant, RTE &#8211; l\u2019\u00e9quivalent de <a href=\"https:\/\/www.swissgrid.ch\/swissgrid\/de\/home.html\" target=\"_blank\" rel=\"noopener\">Swissgrid <\/a>pour la Suisse &#8211; ne faisait que transporter de l\u2019\u00e9lectricit\u00e9 \u00e0 travers son r\u00e9seau et en assurer la maintenance. Aujourd\u2019hui, l\u2019entreprise doit plut\u00f4t jongler avec les r\u00e9alit\u00e9s physiques du r\u00e9seau, pour que tout fonctionne et que l\u2019approvisionnement se fasse en toute s\u00e9r\u00e9nit\u00e9.\u00a0<\/p>\n<p>\u00ab On n\u2019attend plus d\u2019augmentation de la consommation pour les 15 ans \u00e0 venir. C\u2019est une premi\u00e8re et cela change beaucoup de choses au niveau du r\u00e9seau \u00bb, selon Olivier Grabette. Aujourd\u2019hui, le r\u00e9seau n\u2019est plus valoris\u00e9 par la quantit\u00e9 d\u2019\u00e9nergie transport\u00e9e, mais par la qualit\u00e9 du service.\u00a0<\/p>\n<p>\u00a0<\/p>\n<p><strong>Des n\u0153uds digitaux dans le r\u00e9seau\u00a0<\/strong><br \/>\n\u00ab Demain, <a href=\"http:\/\/www.rte-france.com\/\" target=\"_blank\" rel=\"noopener\">RTE<\/a> aura un r\u00e9seau autant num\u00e9rique que de puissance. Les postes digitaux deviendront des n\u0153uds digitaux, permettant de rapatrier les infos des capteurs, mais \u00e9galement d\u2019offrir des services aux populations sur place (agriculteurs\u2026) \u00bb. Les lignes doivent apporter davantage que de l\u2019\u00e9lectricit\u00e9, notamment dans les zones rurales.\u00a0<\/p>\n<p>Tout ceci est faisable, car il y a une plus grande capacit\u00e9 de calcul disponible. \u00ab Les capacit\u00e9s logicielles permettent de rentabiliser le r\u00e9seau actuel, qui doit \u00eatre bichonn\u00e9 et int\u00e9grer des outils informatiques \u00bb.<\/p>\n<p>\u00a0<\/p>\n<p><strong>Foisonner les \u00e9nergies<\/strong><br \/>\nLes nouvelles \u00e9nergies ont une production intermittente, mais au niveau global d\u2019un pays, il n\u2019y a jamais d\u2019endroit o\u00f9 il ne souffle pas. \u00ab C\u2019est le r\u00e9seau de transport qui permettra de foisonner toutes ces \u00e9nergies \u00bb. Investir massivement dans un d\u00e9veloppement du r\u00e9seau n\u2019est pas la bonne approche. \u00ab Il faut adapter le r\u00e9seau \u00e0 ce que l\u2019on a sur place \u00bb, pr\u00e9cise Olivier Grabette.<\/p>\n<p>\u00a0<\/p>\n<p><strong>Cr\u00e9dit photo<\/strong> : photoval.ch\/Val\u00e9rie Pinauda<br \/>\n<em>Propos recueillis le 8 septembre 2016<\/em><\/p>\n<p>\u00a0<\/p>\n<p>\u00a0<\/p>\n","protected":false},"excerpt":{"rendered":"<p>Dans un contexte de stagnation, voire de baisse de la consommation, les r\u00e9seaux \u00e9lectriques doivent faire davantage que transporter de l\u2019\u00e9nergie. Dans le sillage de la num\u00e9risation croissante de la soci\u00e9t\u00e9, les services propos\u00e9s par les r\u00e9seaux doivent \u00eatre diversifi\u00e9s, par exemple en produisant et transmettant des donn\u00e9es utilisables localement. Telle est la conviction d\u2019Olivier [&hellip;]<\/p>\n","protected":false},"author":1,"featured_media":0,"comment_status":"closed","ping_status":"closed","sticky":false,"template":"","format":"standard","meta":{"_acf_changed":false,"footnotes":""},"categories":[189],"tags":[],"class_list":["post-12193","post","type-post","status-publish","format-standard","hentry","category-energie"],"acf":[],"_links":{"self":[{"href":"https:\/\/theark.ch\/fr\/wp-json\/wp\/v2\/posts\/12193","targetHints":{"allow":["GET"]}}],"collection":[{"href":"https:\/\/theark.ch\/fr\/wp-json\/wp\/v2\/posts"}],"about":[{"href":"https:\/\/theark.ch\/fr\/wp-json\/wp\/v2\/types\/post"}],"author":[{"embeddable":true,"href":"https:\/\/theark.ch\/fr\/wp-json\/wp\/v2\/users\/1"}],"replies":[{"embeddable":true,"href":"https:\/\/theark.ch\/fr\/wp-json\/wp\/v2\/comments?post=12193"}],"version-history":[{"count":0,"href":"https:\/\/theark.ch\/fr\/wp-json\/wp\/v2\/posts\/12193\/revisions"}],"wp:attachment":[{"href":"https:\/\/theark.ch\/fr\/wp-json\/wp\/v2\/media?parent=12193"}],"wp:term":[{"taxonomy":"category","embeddable":true,"href":"https:\/\/theark.ch\/fr\/wp-json\/wp\/v2\/categories?post=12193"},{"taxonomy":"post_tag","embeddable":true,"href":"https:\/\/theark.ch\/fr\/wp-json\/wp\/v2\/tags?post=12193"}],"curies":[{"name":"wp","href":"https:\/\/api.w.org\/{rel}","templated":true}]}}