{"id":12305,"date":"2017-01-03T12:16:00","date_gmt":"2017-01-03T11:16:00","guid":{"rendered":"http:\/\/theark.ch\/journee-e-health-2017-save-the-date-8624\/"},"modified":"2017-01-03T12:16:00","modified_gmt":"2017-01-03T10:16:00","slug":"journee-e-health-2017-save-the-date-8624","status":"publish","type":"post","link":"https:\/\/theark.ch\/fr\/news\/journee-e-health-2017-save-the-date-8624\/","title":{"rendered":"Journ\u00e9e e-Health 2017, save the date !"},"content":{"rendered":"<p><strong>\u200bLa Digitalisation de la sant\u00e9 est l\u2019un des grands enjeux du 21e si\u00e8cle. La journ\u00e9e e-Health revient pour une cinqui\u00e8me \u00e9dition, qui sera l\u2019occasion de d\u00e9couvrir les savoir-faire suisses et internationaux dans le domaine. Elle aura lieu les 8 et 9 juin 2017 au <a href=\"http:\/\/www.technoark.ch\/fr\/\" target=\"_blank\" rel=\"noopener\">TechnoArk<\/a> de Sierre. La r\u00e9alit\u00e9 virtuelle et augment\u00e9e au service de la sant\u00e9 sera au c\u0153ur des conf\u00e9rences.<\/strong><\/p>\n<p>\nCette ann\u00e9e, la traditionnelle journ\u00e9e de conf\u00e9rences sera pr\u00e9c\u00e9d\u00e9e d\u2019une apr\u00e8s-midi au cours de laquelle vous pourrez participer \u00e0 des rendez-vous pr\u00e9-arrang\u00e9s en BtoB. <a href=\"http:\/\/www.ibm.com\/watson\/health\/\" target=\"_blank\" rel=\"noopener\">IBM<\/a>, qui a d\u00e9velopp\u00e9 son outil Watson Health, sp\u00e9cialis\u00e9 dans l\u2019intelligence artificielle, donnera une conf\u00e9rence inspirante sur la mont\u00e9e en puissance de l\u2019informatique cognitive au service de la sant\u00e9. Comme les ann\u00e9es pr\u00e9c\u00e9dentes, un panel de conf\u00e9renciers suisses et internationaux de premier plan interviendra lors de la deuxi\u00e8me journ\u00e9e.<\/p>\n<p>La manifestation permettra \u00e0 tout un chacun de se faire une id\u00e9e relativement pr\u00e9cise de l\u2019environnement et des enjeux actuels de la sant\u00e9 digitale. Un accent particulier sera mis sur la relation patients-m\u00e9decins. Pour favoriser les discussions et \u00e9changes, des plages de networking sont am\u00e9nag\u00e9es tout au long de l\u2019\u00e9v\u00e8nement avec des d\u00e9monstrations immersives de ces nouvelles technologies.<\/p>\n<p>\nLes inscriptions pour la <a href=\"http:\/\/www.booking-corner.com\/portalCimArk\/cmsscripts\/default.aspx?lang=fr&#038;num=2882\" target=\"_blank\" rel=\"noopener\">journ\u00e9e e-Health<\/a> sont ouvertes. Vous pouvez \u00e9galement vous inscrire pour participer aux <a href=\"https:\/\/www.b2match.eu\/ehealthday2017\" target=\"_blank\" rel=\"noopener\">rendez-vous\u00a0BtoB<\/a>.<\/p>\n<p>\nLe <a href=\"http:\/\/www.booking-corner.com\/portalCimArk\/cmsscripts\/default.aspx?lang=fr&#038;num=2883\" target=\"_blank\" rel=\"noopener\">programme\u00a0complet<\/a> est disponible sur le site de la journ\u00e9e e-Health.<\/p>\n<p>\u00a0<\/p>\n<p><iframe loading=\"lazy\" frameborder=\"0\" height=\"250\" scrolling=\"no\" src=\"https:\/\/www.youtube.com\/embed\/XeDjqD2a4ew\" width=\"400\"><\/iframe><\/p>\n<p>\u00a0<\/p>\n<p><strong>Informations compl\u00e9mentaires<\/strong> : <a href=\"http:\/\/www.booking-corner.com\/portalCimArk\/cmsscripts\/default.aspx?lang=fr&#038;num=2888\" target=\"_blank\" rel=\"noopener\">journ\u00e9e e-Health<\/a>\u00a0<\/p>\n<p>\u00a0<\/p>\n","protected":false},"excerpt":{"rendered":"<p>\u200bLa Digitalisation de la sant\u00e9 est l\u2019un des grands enjeux du 21e si\u00e8cle. La journ\u00e9e e-Health revient pour une cinqui\u00e8me \u00e9dition, qui sera l\u2019occasion de d\u00e9couvrir les savoir-faire suisses et internationaux dans le domaine. Elle aura lieu les 8 et 9 juin 2017 au TechnoArk de Sierre. La r\u00e9alit\u00e9 virtuelle et augment\u00e9e au service de [&hellip;]<\/p>\n","protected":false},"author":1,"featured_media":0,"comment_status":"closed","ping_status":"closed","sticky":false,"template":"","format":"standard","meta":{"_acf_changed":false,"footnotes":""},"categories":[189],"tags":[],"class_list":["post-12305","post","type-post","status-publish","format-standard","hentry","category-energie"],"acf":[],"_links":{"self":[{"href":"https:\/\/theark.ch\/fr\/wp-json\/wp\/v2\/posts\/12305","targetHints":{"allow":["GET"]}}],"collection":[{"href":"https:\/\/theark.ch\/fr\/wp-json\/wp\/v2\/posts"}],"about":[{"href":"https:\/\/theark.ch\/fr\/wp-json\/wp\/v2\/types\/post"}],"author":[{"embeddable":true,"href":"https:\/\/theark.ch\/fr\/wp-json\/wp\/v2\/users\/1"}],"replies":[{"embeddable":true,"href":"https:\/\/theark.ch\/fr\/wp-json\/wp\/v2\/comments?post=12305"}],"version-history":[{"count":0,"href":"https:\/\/theark.ch\/fr\/wp-json\/wp\/v2\/posts\/12305\/revisions"}],"wp:attachment":[{"href":"https:\/\/theark.ch\/fr\/wp-json\/wp\/v2\/media?parent=12305"}],"wp:term":[{"taxonomy":"category","embeddable":true,"href":"https:\/\/theark.ch\/fr\/wp-json\/wp\/v2\/categories?post=12305"},{"taxonomy":"post_tag","embeddable":true,"href":"https:\/\/theark.ch\/fr\/wp-json\/wp\/v2\/tags?post=12305"}],"curies":[{"name":"wp","href":"https:\/\/api.w.org\/{rel}","templated":true}]}}