{"id":12337,"date":"2017-02-20T08:43:00","date_gmt":"2017-02-20T07:43:00","guid":{"rendered":"http:\/\/theark.ch\/500-collegiens-decouvrent-le-valais-technologique-et-industriel-8672\/"},"modified":"2017-02-20T08:43:00","modified_gmt":"2017-02-20T06:43:00","slug":"500-collegiens-decouvrent-le-valais-technologique-et-industriel-8672","status":"publish","type":"post","link":"https:\/\/theark.ch\/fr\/news\/500-collegiens-decouvrent-le-valais-technologique-et-industriel-8672\/","title":{"rendered":"500 coll\u00e9giens d\u00e9couvrent le Valais technologique et industriel !"},"content":{"rendered":"<p><strong>La semaine derni\u00e8re, les \u00e9tudiants des coll\u00e8ges de Sion, St-Maurice et Brigue ont particip\u00e9 \u00e0 une visite interactive sur le Valais technologique et industriel organis\u00e9e par la Fondation The Ark. Durant trois jours d\u00e9di\u00e9s \u00e0 l\u2019innovation et l\u2019entrepreneuriat, les coll\u00e9giens ont pu recevoir un excellent aper\u00e7u de ce qui existe aujourd\u2019hui en Valais !<\/strong><\/p>\n<p>\nAu total, pr\u00e8s de 500 \u00e9tudiants se sont d\u00e9plac\u00e9s au <a href=\"http:\/\/www.technoark.ch\/fr\/\" target=\"_blank\" rel=\"noopener\">TechnoArk<\/a> de Sierre ou au nouveau BioArk de Vi\u00e8ge, pour d\u00e9couvrir de mani\u00e8re interactive et ludique une facette du Valais parfois m\u00e9connue. Satisfaits, les jeunes sont repartis avec l\u2019image d\u2019un Valais bien plus innovant et industriel qu\u2019ils ne l\u2019auraient cru.<\/p>\n<p>\u00a0<\/p>\n<p><strong>Une opportunit\u00e9 de d\u00e9montrer le savoir-faire valaisan !<\/strong><br \/>\nPlusieurs acteurs du Valais technologique ont profit\u00e9 de l\u2019occasion pour pr\u00e9senter leurs activit\u00e9s, sous l\u2019\u00e9gide de <a href=\"http:\/\/theark.ch\" target=\"_blank\" rel=\"noopener\">The Ark<\/a>. La <a href=\"https:\/\/www.hevs.ch\/fr\/\" target=\"_blank\" rel=\"noopener\">HES-SO Valais-Wallis<\/a>, par exemple, a organis\u00e9 quelques d\u00e9monstrations de projets dans des domaines tr\u00e8s vari\u00e9s tels que la r\u00e9alit\u00e9 augment\u00e9e, l\u2019\u00e9nergie ou la mobilit\u00e9. Les \u00e9tudiants \u00e9taient ainsi parmi les premiers en Europe \u00e0 tester un nouveau mod\u00e8le de casque de r\u00e9alit\u00e9 augment\u00e9e. En se d\u00e9pla\u00e7ant dans la pi\u00e8ce, ils ont pu apercevoir, en 3D, un singe, des plan\u00e8tes ou un tigre, \u00e0 seulement quelques centim\u00e8tres d\u2019eux !<\/p>\n<p>Sp\u00e9cialis\u00e9 dans la biom\u00e9trie, l\u2019<a href=\"https:\/\/www.idiap.ch\/\" target=\"_blank\" rel=\"noopener\">institut Idiap<\/a> a pr\u00e9sent\u00e9 l\u2019avanc\u00e9e de ses recherches dans le domaine de la reconnaissance vocale et faciale. Son robot Robert est aujourd\u2019hui capable d\u2019entendre un son, de l\u2019identifier et de le reconna\u00eetre. Ce que les \u00e9tudiants ont v\u00e9rifi\u00e9 en imitant par exemple le bruit d\u2019un moteur de voiture ! L\u2019Idiap d\u00e9veloppe \u00e9galement une solution qui permet de d\u00e9verrouiller un ordinateur par reconnaissance faciale.<\/p>\n<p>\u00a0<\/p>\n<p><strong>Des entrepreneurs valaisans pour exemple<\/strong><br \/>\nDiff\u00e9rents entrepreneurs valaisans comme Hugues-Vincent Roy, directeur d&#39;<a href=\"http:\/\/www.aisa.com\/\" target=\"_blank\" rel=\"noopener\">Aisa<\/a>, Claude-Michel Salamin, co-fondateur du <a href=\"http:\/\/www.groupe-t2i.com\/\" target=\"_blank\" rel=\"noopener\">Groupe T2I<\/a>, Simon Delalay, co-fondateur d\u2019<a href=\"https:\/\/imperix.ch\/\" target=\"_blank\" rel=\"noopener\">Imperix<\/a> et Viktor Schnyder, directeur de <a href=\"https:\/\/www.lugaia.com\/de\/lugaia-containment-solutions\/meta\/home\" target=\"_blank\" rel=\"noopener\">Lugaia SA<\/a> sont venus partager leur exp\u00e9rience de l\u2019entreprenariat. Au fil des questions, ils ont tous les quatre soulign\u00e9 l\u2019importance de l\u2019innovation pour leurs entreprises, notamment pour se diff\u00e9rencier dans le contexte \u00e9conomique actuel.\u00a0<\/p>\n<p>Plusieurs petites exp\u00e9riences et jeux sur l\u2019innovation \u00e9taient \u00e9galement propos\u00e9s aux \u00e9tudiants. Tour \u00e0 tour, ils ont analys\u00e9 leur ADN, d\u00e9couvert de nombreuses plantes valaisannes\u00a0ainsi que\u00a0leurs utilisations et r\u00e9alis\u00e9 quelques exp\u00e9riences chimiques, \u00e0 l&#39;int\u00e9rieur\u00a0d&#39;un pavillon ferm\u00e9 qui donnait l\u2019impression d\u2019entrer dans un univers futuriste \u2026 Une mani\u00e8re ludique et didactique d\u2019apprendre de nouvelles choses sur le Valais des technologies ! Ces visites furent \u00e9galement un excellent moyen pour la Fondation The Ark de faire passer le message qu\u2019il est possible d\u2019innover et d\u2019entreprendre en Valais.\u00a0<\/p>\n<p>\u00a0<\/p>\n","protected":false},"excerpt":{"rendered":"<p>La semaine derni\u00e8re, les \u00e9tudiants des coll\u00e8ges de Sion, St-Maurice et Brigue ont particip\u00e9 \u00e0 une visite interactive sur le Valais technologique et industriel organis\u00e9e par la Fondation The Ark. Durant trois jours d\u00e9di\u00e9s \u00e0 l\u2019innovation et l\u2019entrepreneuriat, les coll\u00e9giens ont pu recevoir un excellent aper\u00e7u de ce qui existe aujourd\u2019hui en Valais ! Au [&hellip;]<\/p>\n","protected":false},"author":1,"featured_media":0,"comment_status":"closed","ping_status":"closed","sticky":false,"template":"","format":"standard","meta":{"_acf_changed":false,"footnotes":""},"categories":[189],"tags":[],"class_list":["post-12337","post","type-post","status-publish","format-standard","hentry","category-energie"],"acf":[],"_links":{"self":[{"href":"https:\/\/theark.ch\/fr\/wp-json\/wp\/v2\/posts\/12337","targetHints":{"allow":["GET"]}}],"collection":[{"href":"https:\/\/theark.ch\/fr\/wp-json\/wp\/v2\/posts"}],"about":[{"href":"https:\/\/theark.ch\/fr\/wp-json\/wp\/v2\/types\/post"}],"author":[{"embeddable":true,"href":"https:\/\/theark.ch\/fr\/wp-json\/wp\/v2\/users\/1"}],"replies":[{"embeddable":true,"href":"https:\/\/theark.ch\/fr\/wp-json\/wp\/v2\/comments?post=12337"}],"version-history":[{"count":0,"href":"https:\/\/theark.ch\/fr\/wp-json\/wp\/v2\/posts\/12337\/revisions"}],"wp:attachment":[{"href":"https:\/\/theark.ch\/fr\/wp-json\/wp\/v2\/media?parent=12337"}],"wp:term":[{"taxonomy":"category","embeddable":true,"href":"https:\/\/theark.ch\/fr\/wp-json\/wp\/v2\/categories?post=12337"},{"taxonomy":"post_tag","embeddable":true,"href":"https:\/\/theark.ch\/fr\/wp-json\/wp\/v2\/tags?post=12337"}],"curies":[{"name":"wp","href":"https:\/\/api.w.org\/{rel}","templated":true}]}}