{"id":12361,"date":"2017-03-03T09:05:00","date_gmt":"2017-03-03T08:05:00","guid":{"rendered":"http:\/\/theark.ch\/premier-swiss-bizspark-moutain-camp-valaisan-8691\/"},"modified":"2017-03-03T09:05:00","modified_gmt":"2017-03-03T07:05:00","slug":"premier-swiss-bizspark-moutain-camp-valaisan-8691","status":"publish","type":"post","link":"https:\/\/theark.ch\/fr\/news\/premier-swiss-bizspark-moutain-camp-valaisan-8691\/","title":{"rendered":"Premier Swiss BizSpark Moutain Camp valaisan !"},"content":{"rendered":"<p><strong>Organis\u00e9 par Microsoft, le <a href=\"https:\/\/www.microsoft.com\/fr-ch\/bizspark\/events.aspx\" target=\"_blank\" rel=\"noopener\">Swiss BizSpark Mountain Camp<\/a> aura lieu du 20 au 23 mars prochain en Valais, plus pr\u00e9cis\u00e9ment \u00e0 Lo\u00e8che-les-Bains. Durant 4 jours, des start-up de toute la Suisse travailleront aux c\u00f4t\u00e9s d\u2019experts techniques de Microsoft. Partenaire de la manifestation, la <a href=\"http:\/\/theark.ch\/\" target=\"_blank\" rel=\"noopener\">Fondation The Ark<\/a> dispose d\u2019entr\u00e9es gratuites, dont vous pourriez vous aussi b\u00e9n\u00e9ficier !<\/strong><\/p>\n<p>Le BizSpark Mountain Camp offre la possibilit\u00e9 aux start-up suisses de rencontrer d\u2019autres start-up\u00a0&#8211; elles-aussi confront\u00e9es aux d\u00e9fis de l\u2019entrepreneuriat &#8211;\u00a0de travailler\u00a0\u00e0 leurs c\u00f4t\u00e9s\u00a0et de partager leurs exp\u00e9riences\u00a0de jeunes entreprises. \u00a0Au vu du nombre d\u2019experts et sp\u00e9cialistes de l&#39;informatique et de l\u2019entrepreneuriat pr\u00e9sents lors du camp, le Swiss BizSpark Mountain Camp est \u00e9galement un excellent moyen de diversifier et d\u2019\u00e9tendre son r\u00e9seau professionnel.<\/p>\n<p>Lors de la manifestation, des \u00ab TechTalks \u00bb sont organis\u00e9s et permettent aux participants d\u2019approfondir leurs connaissances de Microsoft Azure, Visual Studio, Technologies Open Source, Xamarin et bien d\u2019autres sujets encore ! L\u2019\u00e9v\u00e8nement se cl\u00f4turera avec un \u00ab pitchday \u00bb : les start-up se pr\u00e9sentent devant\u00a0le\u00a0jury et tentent de remporter\u00a0une place pour le programme BizSpark Plus, qui offre des avantages d&#39;une valeur de 120&#39;000 USD, sur une p\u00e9riode de deux ans !<\/p>\n<p>\u00a0<\/p>\n<p><strong>Une collaboration r\u00e9ussie entre The Ark et Microsoft Suisse !<\/strong><br \/>\nPartenaire de l\u2019\u00e9v\u00e8nement, la <a href=\"http:\/\/theark.ch\/\" target=\"_blank\" rel=\"noopener\">Fondation The Ark<\/a> animera un atelier sur l\u2019entrepreneuriat lors du camp. La Fondation The Ark dispose \u00e9galement d\u2019entr\u00e9es gratuites pour la manifestation, les start-up int\u00e9ress\u00e9es peuvent nous contacter par e-mail \u00e0 info@theark.ch<\/a>.<\/p>\n<p>Des informations compl\u00e9mentaires sur le Swiss BizSpark Mountain Camp sont disponible sur le <a href=\"https:\/\/www.microsoft.com\/fr-ch\/bizspark\/events.aspx\" target=\"_blank\" rel=\"noopener\">site de l\u2019\u00e9v\u00e8nement<\/a>.<\/p>\n<p>\u00a0<\/p>\n","protected":false},"excerpt":{"rendered":"<p>Organis\u00e9 par Microsoft, le Swiss BizSpark Mountain Camp aura lieu du 20 au 23 mars prochain en Valais, plus pr\u00e9cis\u00e9ment \u00e0 Lo\u00e8che-les-Bains. Durant 4 jours, des start-up de toute la Suisse travailleront aux c\u00f4t\u00e9s d\u2019experts techniques de Microsoft. Partenaire de la manifestation, la Fondation The Ark dispose d\u2019entr\u00e9es gratuites, dont vous pourriez vous aussi b\u00e9n\u00e9ficier [&hellip;]<\/p>\n","protected":false},"author":1,"featured_media":0,"comment_status":"closed","ping_status":"closed","sticky":false,"template":"","format":"standard","meta":{"_acf_changed":false,"footnotes":""},"categories":[186],"tags":[],"class_list":["post-12361","post","type-post","status-publish","format-standard","hentry","category-digital"],"acf":[],"_links":{"self":[{"href":"https:\/\/theark.ch\/fr\/wp-json\/wp\/v2\/posts\/12361","targetHints":{"allow":["GET"]}}],"collection":[{"href":"https:\/\/theark.ch\/fr\/wp-json\/wp\/v2\/posts"}],"about":[{"href":"https:\/\/theark.ch\/fr\/wp-json\/wp\/v2\/types\/post"}],"author":[{"embeddable":true,"href":"https:\/\/theark.ch\/fr\/wp-json\/wp\/v2\/users\/1"}],"replies":[{"embeddable":true,"href":"https:\/\/theark.ch\/fr\/wp-json\/wp\/v2\/comments?post=12361"}],"version-history":[{"count":0,"href":"https:\/\/theark.ch\/fr\/wp-json\/wp\/v2\/posts\/12361\/revisions"}],"wp:attachment":[{"href":"https:\/\/theark.ch\/fr\/wp-json\/wp\/v2\/media?parent=12361"}],"wp:term":[{"taxonomy":"category","embeddable":true,"href":"https:\/\/theark.ch\/fr\/wp-json\/wp\/v2\/categories?post=12361"},{"taxonomy":"post_tag","embeddable":true,"href":"https:\/\/theark.ch\/fr\/wp-json\/wp\/v2\/tags?post=12361"}],"curies":[{"name":"wp","href":"https:\/\/api.w.org\/{rel}","templated":true}]}}