{"id":12897,"date":"2013-12-09T13:49:00","date_gmt":"2013-12-09T12:49:00","guid":{"rendered":"http:\/\/theark.ch\/la-fondation-the-ark-s-expose-au-grand-conseil-valaisan-1011\/"},"modified":"2013-12-09T13:49:00","modified_gmt":"2013-12-09T11:49:00","slug":"la-fondation-the-ark-s-expose-au-grand-conseil-valaisan-1011","status":"publish","type":"post","link":"https:\/\/theark.ch\/fr\/news\/la-fondation-the-ark-s-expose-au-grand-conseil-valaisan-1011\/","title":{"rendered":"La Fondation The Ark s&rsquo;expose au Grand Conseil valaisan"},"content":{"rendered":"<p><a href=\"http:\/\/blog.theark.ch\/files\/2011\/09\/Session-Pas-Perdus-16.09.11_11.jpg\"><\/a>Durant toute la semaine derni\u00e8re et \u00e0 l&#39;invitation du<strong> pr\u00e9sident du Grand Conseil Jean-Albert Ferrez<\/strong>, la <a href=\"http:\/\/theark.ch\"><strong>Fondation The Ark<\/strong> <\/a>\u00e9tait pr\u00e9sente au Parlement valaisan, dans la salle des Pas perdus. Le domaine des sciences de l&#39;informatique et de la communication a \u00e9t\u00e9 mis en lumi\u00e8re, gr\u00e2ce \u00e0 la pr\u00e9sence de quatre soci\u00e9t\u00e9s valaisannes\u00a0: <a href=\"http:\/\/www.secu4.com\" target=\"_blank\" rel=\"noopener\">Secu4 <\/a>(Sierre), <a href=\"http:\/\/www.keylemon.com\" target=\"_blank\" rel=\"noopener\">Keylemon <\/a>(Martigny), <a href=\"http:\/\/www.brain-tec.ch\" target=\"_blank\" rel=\"noopener\">Brain-tec <\/a>(Brigue) et <a href=\"http:\/\/www.myotest.com\" target=\"_blank\" rel=\"noopener\">Myotest <\/a>(Sion).<\/p>\n<p>De lundi \u00e0 jeudi, un portrait de chacune de ces soci\u00e9t\u00e9s innovantes a \u00e9t\u00e9 distribu\u00e9 \u00e0 chaque d\u00e9put\u00e9. Vendredi, les entreprises et la Fondation The Ark se sont pr\u00e9sent\u00e9es aux d\u00e9put\u00e9s, autour d&#39;un petit ap\u00e9ritif de circonstance. Ce dernier a permis aux entreprises de nouer d&#39;int\u00e9ressants contacts avec les personnalit\u00e9s politiques valaisannes.\u00a0<\/p>\n<p><strong>Sensibilisation \u00e0 l&#39;importance de l&#39;ICT pour le Valais<\/strong><br \/>\nDurant toute la semaine, les d\u00e9put\u00e9es et d\u00e9put\u00e9s valaisans ont ainsi \u00e9t\u00e9 sensibilis\u00e9s \u00e0 l&#39;importance\u00a0 des sciences de l&#39;informatique et de la communication (ICT) pour le Valais. Celles-ci sont en effet omni pr\u00e9sentes dans la plupart des activit\u00e9s technologiques d&#39;aujourd&#39;hui. Ce domaine est en croissance permanente et le potentiel d&#39;innovation y est tr\u00e8s fort. Bien qu&#39;il soit difficile de mesurer l&#39;impact r\u00e9el des ICT sur l&#39;ensemble des entreprises du tissu \u00e9conomique valaisan, cette branche d&#39;activit\u00e9, m\u00eame prise dans son sens le plus strict, propose une valeur ajout\u00e9e d&#39;environ 90 millions de francs par an.\u00a0\u00a0<\/p>\n<p>Pas moins de 186 entreprises valaisannes sont directement actives dans ce domaine, pour un total de 669 emplois (chiffres 2008, OFS). La valeur ajout\u00e9e moyenne par emploi\u00a0\u00e0 plein temps se monte \u00e0 CHF 131\u2032200.- et la valeur ajout\u00e9 totale annuelle atteint CHF 87\u2032772\u2032800.-.<\/p>\n<p><strong>La Fondation The Ark sera \u00e0 nouveau pr\u00e9sente au Grand Conseil en novembre prochain, avec comme th\u00e8me les sciences de la vie.<\/strong><\/p>\n","protected":false},"excerpt":{"rendered":"<p>Durant toute la semaine derni\u00e8re et \u00e0 l&#39;invitation du pr\u00e9sident du Grand Conseil Jean-Albert Ferrez, la Fondation The Ark \u00e9tait pr\u00e9sente au Parlement valaisan, dans la salle des Pas perdus. Le domaine des sciences de l&#39;informatique et de la communication a \u00e9t\u00e9 mis en lumi\u00e8re, gr\u00e2ce \u00e0 la pr\u00e9sence de quatre soci\u00e9t\u00e9s valaisannes\u00a0: Secu4 (Sierre), [&hellip;]<\/p>\n","protected":false},"author":1,"featured_media":0,"comment_status":"closed","ping_status":"closed","sticky":false,"template":"","format":"standard","meta":{"_acf_changed":false,"footnotes":""},"categories":[190],"tags":[],"class_list":["post-12897","post","type-post","status-publish","format-standard","hentry","category-biotechnologies"],"acf":[],"_links":{"self":[{"href":"https:\/\/theark.ch\/fr\/wp-json\/wp\/v2\/posts\/12897","targetHints":{"allow":["GET"]}}],"collection":[{"href":"https:\/\/theark.ch\/fr\/wp-json\/wp\/v2\/posts"}],"about":[{"href":"https:\/\/theark.ch\/fr\/wp-json\/wp\/v2\/types\/post"}],"author":[{"embeddable":true,"href":"https:\/\/theark.ch\/fr\/wp-json\/wp\/v2\/users\/1"}],"replies":[{"embeddable":true,"href":"https:\/\/theark.ch\/fr\/wp-json\/wp\/v2\/comments?post=12897"}],"version-history":[{"count":0,"href":"https:\/\/theark.ch\/fr\/wp-json\/wp\/v2\/posts\/12897\/revisions"}],"wp:attachment":[{"href":"https:\/\/theark.ch\/fr\/wp-json\/wp\/v2\/media?parent=12897"}],"wp:term":[{"taxonomy":"category","embeddable":true,"href":"https:\/\/theark.ch\/fr\/wp-json\/wp\/v2\/categories?post=12897"},{"taxonomy":"post_tag","embeddable":true,"href":"https:\/\/theark.ch\/fr\/wp-json\/wp\/v2\/tags?post=12897"}],"curies":[{"name":"wp","href":"https:\/\/api.w.org\/{rel}","templated":true}]}}