{"id":13050,"date":"2013-12-09T13:49:00","date_gmt":"2013-12-09T12:49:00","guid":{"rendered":"http:\/\/theark.ch\/la-fondation-the-ark-presente-au-grand-conseil-valaisan-1031\/"},"modified":"2013-12-09T13:49:00","modified_gmt":"2013-12-09T11:49:00","slug":"la-fondation-the-ark-presente-au-grand-conseil-valaisan-1031","status":"publish","type":"post","link":"https:\/\/theark.ch\/fr\/news\/la-fondation-the-ark-presente-au-grand-conseil-valaisan-1031\/","title":{"rendered":"La Fondation The Ark pr\u00e9sente au Grand Conseil valaisan"},"content":{"rendered":"<p style=\"text-align: center\">\u00a0<\/p>\n<p style=\"text-align: center\"><a href=\"http:\/\/blog.theark.ch\/files\/2011\/11\/Pas-perdus-session-novembre_2011.jpg\"><\/a><\/p>\n<p style=\"text-align: left\">Comme en septembre dernier, <strong>le pr\u00e9sident du Grand Conseil, Jean-Albert Ferrez<\/strong> a invit\u00e9 la <a href=\"http:\/\/theark.ch\" target=\"_blank\" rel=\"noopener\"><strong>Fondation The Ark<\/strong><\/a> \u00e0 exposer au Parlement valaisan dans la salle des Pas perdus. A cette occasion, la Fondation a mis en avant les sciences de la vie\u00a0en pr\u00e9sentant quatre soci\u00e9t\u00e9s valaisannes, \u00a0<strong>PharmAlp<\/strong>, une start-up de <a href=\"http:\/\/incubateur.theark.ch\" target=\"_blank\" rel=\"noopener\">l&#39;Incubateur The Ark\u00a0<\/a>; <a href=\"http:\/\/www.redelec.ch\" target=\"_blank\" rel=\"noopener\"><strong>RedElec Technologies<\/strong><\/a>, une ancienne start-up de l&#39;Incubateur The Ark\u00a0; <a href=\"http:\/\/www.augurix.com\" target=\"_blank\" rel=\"noopener\"><strong>Augurix<\/strong> <\/a>et <a href=\"http:\/\/www.excellgene.com\" target=\"_blank\" rel=\"noopener\"><strong>Excellgene<\/strong><\/a>, deux soci\u00e9t\u00e9s bas\u00e9es au <a href=\"http:\/\/www.bioark.ch\" target=\"_blank\" rel=\"noopener\">BioArk <\/a>\u00e0 Monthey.<\/p>\n<p>Durant toute la semaine derni\u00e8re, les d\u00e9put\u00e9es et d\u00e9put\u00e9s valaisans ont re\u00e7u un portrait de chaque entreprise afin de mieux appr\u00e9hender ce domaine. Durant la journ\u00e9e du vendredi, ces soci\u00e9t\u00e9s innovantes dans les <a href=\"http:\/\/theark.ch\/science_vie\/presentation\/le-valais-un-terreau-fertile-pour-les-sciences-de-la-vie-73-116\" target=\"_blank\" rel=\"noopener\">sciences de la vie<\/a>\u00a0et la <a href=\"http:\/\/theark.ch\" target=\"_blank\" rel=\"noopener\">Fondation The Ark<\/a>\u00a0ont eu l&#39;occasion de se pr\u00e9senter en partageant un petit ap\u00e9ritif.<\/p>\n<p><strong>L&#39;une de ces entreprises vous int\u00e9resse\u00a0? Retrouvez leur portrait ci-dessous\u00a0!<\/strong><\/p>\n<ul>\n<li><a href=\"http:\/\/blog.theark.ch\/files\/2011\/11\/Fiche-portrait-PharmAlp.pdf\" target=\"_blank\" rel=\"noopener\">PharmAlp<\/a><\/li>\n<li><a href=\"http:\/\/blog.theark.ch\/files\/2011\/11\/Fiche-portrait-RedElec.pdf\" target=\"_blank\" rel=\"noopener\">RedElec Technologies<\/a><\/li>\n<li><a href=\"http:\/\/blog.theark.ch\/files\/2011\/11\/Fiche-portrait-Augurix.pdf\" target=\"_blank\" rel=\"noopener\">Augurix<\/a><\/li>\n<li><a href=\"http:\/\/blog.theark.ch\/files\/2011\/11\/Fiche-portrait-ExcellGene.pdf\" target=\"_blank\" rel=\"noopener\">Excellgene<\/a><\/li>\n<\/ul>\n<p><strong>Sensibilisation \u00e0 l&#39;importance des sciences de la vie pour le Valais<\/strong><br \/>\nLe domaine des sciences de la vie comprend notamment les entreprises chimiques, pharma, biotech, cosm\u00e9tiques et alimentaires. Ces activit\u00e9s sont tr\u00e8s importantes pour l&#39;\u00e9conomie valaisanne. En effet, selon les derni\u00e8res statistiques disponibles, pas moins de 6,7% des places de travail du canton concernant les sciences de la vie. Elles g\u00e9n\u00e8rent 14,6% de la valeur ajout\u00e9e totale du canton.<\/p>\n<p>Pas moins de 185 entreprises valaisannes sont directement actives dans ce domaine, pour un total de 9&#39;397 emplois (chiffres 2008, OFS). La valeur ajout\u00e9e moyenne par emploi\u00a0\u00e0 plein temps se monte \u00e0 CHF 218&#39;179.- et la valeur ajout\u00e9 totale annuelle atteint CHF 2\u2032050\u2032208&#39;400.-(chiffres 2009, Cr\u00e9dit Suisse).<\/p>\n<p><a href=\"http:\/\/blog.theark.ch\/2011\/09\/21\/la-fondation-the-ark-s%e2%80%99expose-au-grand-conseil-valaisan\/\" target=\"_blank\" rel=\"noopener\">Vous aimeriez relire l&#39;article de septembre dernier ? C\u2019est par <span style=\"text-decoration: underline\">ici !<\/span><\/a><\/p>\n","protected":false},"excerpt":{"rendered":"<p>\u00a0 Comme en septembre dernier, le pr\u00e9sident du Grand Conseil, Jean-Albert Ferrez a invit\u00e9 la Fondation The Ark \u00e0 exposer au Parlement valaisan dans la salle des Pas perdus. A cette occasion, la Fondation a mis en avant les sciences de la vie\u00a0en pr\u00e9sentant quatre soci\u00e9t\u00e9s valaisannes, \u00a0PharmAlp, une start-up de l&#39;Incubateur The Ark\u00a0; RedElec [&hellip;]<\/p>\n","protected":false},"author":1,"featured_media":0,"comment_status":"closed","ping_status":"closed","sticky":false,"template":"","format":"standard","meta":{"_acf_changed":false,"footnotes":""},"categories":[190],"tags":[],"class_list":["post-13050","post","type-post","status-publish","format-standard","hentry","category-biotechnologies"],"acf":[],"_links":{"self":[{"href":"https:\/\/theark.ch\/fr\/wp-json\/wp\/v2\/posts\/13050","targetHints":{"allow":["GET"]}}],"collection":[{"href":"https:\/\/theark.ch\/fr\/wp-json\/wp\/v2\/posts"}],"about":[{"href":"https:\/\/theark.ch\/fr\/wp-json\/wp\/v2\/types\/post"}],"author":[{"embeddable":true,"href":"https:\/\/theark.ch\/fr\/wp-json\/wp\/v2\/users\/1"}],"replies":[{"embeddable":true,"href":"https:\/\/theark.ch\/fr\/wp-json\/wp\/v2\/comments?post=13050"}],"version-history":[{"count":0,"href":"https:\/\/theark.ch\/fr\/wp-json\/wp\/v2\/posts\/13050\/revisions"}],"wp:attachment":[{"href":"https:\/\/theark.ch\/fr\/wp-json\/wp\/v2\/media?parent=13050"}],"wp:term":[{"taxonomy":"category","embeddable":true,"href":"https:\/\/theark.ch\/fr\/wp-json\/wp\/v2\/categories?post=13050"},{"taxonomy":"post_tag","embeddable":true,"href":"https:\/\/theark.ch\/fr\/wp-json\/wp\/v2\/tags?post=13050"}],"curies":[{"name":"wp","href":"https:\/\/api.w.org\/{rel}","templated":true}]}}