{"id":13526,"date":"2013-12-09T13:49:00","date_gmt":"2013-12-09T12:49:00","guid":{"rendered":"http:\/\/theark.ch\/pas-d-opposition-a-l-agrandissement-de-bioark-a-monthey-1094\/"},"modified":"2013-12-09T13:49:00","modified_gmt":"2013-12-09T11:49:00","slug":"pas-d-opposition-a-l-agrandissement-de-bioark-a-monthey-1094","status":"publish","type":"post","link":"https:\/\/theark.ch\/fr\/news\/pas-d-opposition-a-l-agrandissement-de-bioark-a-monthey-1094\/","title":{"rendered":"Pas d&rsquo;opposition \u00e0 l&rsquo;agrandissement de BioArk \u00e0 Monthey"},"content":{"rendered":"<p><a href=\"http:\/\/blog.theark.ch\/files\/2012\/12\/DSC_1313_low1.jpg\"><\/a><strong>Le projet d&#39;extension du parc technologique <a href=\"http:\/\/www.bioark.ch\" target=\"_blank\" rel=\"noopener\">BioArk<\/a> \u00e0 Monthey, d\u00e9di\u00e9 principalement aux sciences de la vie, va de l&#39;avant. A l&#39;issue de l&#39;enqu\u00eate publique qui s&#39;est termin\u00e9e lundi, aucune opposition n&#39;a \u00e9t\u00e9 d\u00e9pos\u00e9e, annonce <a href=\"http:\/\/www.radiochablais.ch\" target=\"_blank\" rel=\"noopener\">Radio Chablais<\/a>. <\/strong><\/p>\n<p>Les douze start-up h\u00e9berg\u00e9es sur ce site y sont \u00e0 l&#39;\u00e9troit et certaines vont pouvoir d\u00e9m\u00e9nager sur une parcelle adjacente. Gr\u00e2ce \u00e0 ce BioArk 2, la surface disponible va doubler, de 1800 \u00e0 3600m2. Les travaux devraient commencer au printemps et durer 18 mois. Co\u00fbt du projet : entre 12 et 15 millions de francs. Le financement doit encore \u00eatre finalis\u00e9. Le nombre d&#39;emplois devrait passer de 80 \u00e0 200 d&#39;ici cinq ans.<\/p>\n<p>Dans un second temps, un plan de quartier sera mis \u00e0 l&#39;enqu\u00eate pour 10&#39;000m2 d&#39;autres terrains appartenant \u00e0 BioArk. De quoi construire des b\u00e2timents suppl\u00e9mentaires pour accueillir de nouvelles soci\u00e9t\u00e9s.<\/p>\n<p><strong>Source<\/strong>: Radio Chablais, <a href=\"http:\/\/www.radiochablais.ch\/informations\/6417-pas-d-opposition-a-l-agrandissement-de-bioark-a-monthey\" target=\"_blank\" rel=\"noopener\">lien vers l\u2019article complet<\/a><\/p>\n","protected":false},"excerpt":{"rendered":"<p>Le projet d&#39;extension du parc technologique BioArk \u00e0 Monthey, d\u00e9di\u00e9 principalement aux sciences de la vie, va de l&#39;avant. A l&#39;issue de l&#39;enqu\u00eate publique qui s&#39;est termin\u00e9e lundi, aucune opposition n&#39;a \u00e9t\u00e9 d\u00e9pos\u00e9e, annonce Radio Chablais. Les douze start-up h\u00e9berg\u00e9es sur ce site y sont \u00e0 l&#39;\u00e9troit et certaines vont pouvoir d\u00e9m\u00e9nager sur une parcelle [&hellip;]<\/p>\n","protected":false},"author":1,"featured_media":0,"comment_status":"closed","ping_status":"closed","sticky":false,"template":"","format":"standard","meta":{"_acf_changed":false,"footnotes":""},"categories":[190],"tags":[],"class_list":["post-13526","post","type-post","status-publish","format-standard","hentry","category-biotechnologies"],"acf":[],"_links":{"self":[{"href":"https:\/\/theark.ch\/fr\/wp-json\/wp\/v2\/posts\/13526","targetHints":{"allow":["GET"]}}],"collection":[{"href":"https:\/\/theark.ch\/fr\/wp-json\/wp\/v2\/posts"}],"about":[{"href":"https:\/\/theark.ch\/fr\/wp-json\/wp\/v2\/types\/post"}],"author":[{"embeddable":true,"href":"https:\/\/theark.ch\/fr\/wp-json\/wp\/v2\/users\/1"}],"replies":[{"embeddable":true,"href":"https:\/\/theark.ch\/fr\/wp-json\/wp\/v2\/comments?post=13526"}],"version-history":[{"count":0,"href":"https:\/\/theark.ch\/fr\/wp-json\/wp\/v2\/posts\/13526\/revisions"}],"wp:attachment":[{"href":"https:\/\/theark.ch\/fr\/wp-json\/wp\/v2\/media?parent=13526"}],"wp:term":[{"taxonomy":"category","embeddable":true,"href":"https:\/\/theark.ch\/fr\/wp-json\/wp\/v2\/categories?post=13526"},{"taxonomy":"post_tag","embeddable":true,"href":"https:\/\/theark.ch\/fr\/wp-json\/wp\/v2\/tags?post=13526"}],"curies":[{"name":"wp","href":"https:\/\/api.w.org\/{rel}","templated":true}]}}