{"id":15339,"date":"2013-12-09T13:48:00","date_gmt":"2013-12-09T12:48:00","guid":{"rendered":"http:\/\/theark.ch\/7es-pcrd-bon-depart-des-chercheurs-suisses-552\/"},"modified":"2013-12-09T13:48:00","modified_gmt":"2013-12-09T11:48:00","slug":"7es-pcrd-bon-depart-des-chercheurs-suisses-552","status":"publish","type":"post","link":"https:\/\/theark.ch\/fr\/news\/7es-pcrd-bon-depart-des-chercheurs-suisses-552\/","title":{"rendered":"7es PCRD &#8211; Bon d\u00e9part des chercheurs suisses"},"content":{"rendered":"<p>Berne, 06.12.2007 &#8211; Le directeur suppl\u00e9ant du Secr\u00e9tariat d&#39;Etat \u00e0 l&#39;\u00e9ducation et \u00e0 la recherche Paul-Erich Zinsli et le directeur g\u00e9n\u00e9ral suppl\u00e9ant de la Direction g\u00e9n\u00e9rale Recherche de la Commission europ\u00e9enne Daniel Jacob se sont rencontr\u00e9s jeudi \u00e0 Bruxelles \u00e0 l&#39;occasion de la r\u00e9union du Comit\u00e9 mixte sur l&#39;accord de coop\u00e9ration scientifique Suisse-UE. Les deux parties ont tir\u00e9 un bilan positif des premi\u00e8res exp\u00e9riences faites avec les 7es programmes-cadres de recherche et de d\u00e9veloppement technologique de l&#39;UE (2007-2013).<\/p>\n<p>L&#39;accord bilat\u00e9ral de coop\u00e9ration scientifique et technologique entre la Suisse et les Communaut\u00e9s europ\u00e9ennes pr\u00e9voit des rencontres annuelles d&#39;experts des deux parties dans le cadre d&#39;un comit\u00e9 mixte pour faire le point de la mise en oeuvre de la coop\u00e9ration et discuter d&#39;\u00e9ventuels probl\u00e8mes.<\/p>\n<p>La premi\u00e8re rencontre de ce type pour les 7es programmes-cadre de recherche (PCRD) a permis de dresser un bilan des exp\u00e9riences faites avec la nouvelle g\u00e9n\u00e9ration de programmes et d&#39;informer la partie suisse de l&#39;avancement de la mise en oeuvre des nouveaux instruments des 7es PCRD, tels que les Initiatives technologiques conjointes, qui entreront en phase op\u00e9rationnelle l&#39;ann\u00e9e prochaine.<\/p>\n<p>Les premiers r\u00e9sultats statistiques provisoires indiquent que les organismes de recherche et les entreprises suisses ont un taux de succ\u00e8s sup\u00e9rieur \u00e0 la moyenne europ\u00e9enne dans les premiers appels \u00e0 propositions des 7es PCRD (21,8 % de r\u00e9ussite contre 20,1 % dans la moyenne europ\u00e9enne). Suite aux 30 premiers appels \u00e0 propositions, des projets des \u00e9quipes de recherche suisses pour lesquels un montant total de pr\u00e8s de 118 millions d&#39;euros sont pr\u00e9vus, ont \u00e9t\u00e9 retenus.<\/p>\n<p>La suite en suivant le lien ci-dessous<\/p>\n<p>Pour plus d&#39;informations: <a class=\"darkblue\" href=\"http:\/\/theark.ch\/pages\/OpenOtherSite.cfm?TheUrl=http%3A%2F%2Fwww%2Enews%2Eadmin%2Ech%2Fmessage%2F%3Flang%3Dfr%26msg%2Did%3D16103\" target=\"_blank\" rel=\"noopener\"><font color=\"#84609e\"><u> Liens<\/u><\/font><\/a><\/p>\n","protected":false},"excerpt":{"rendered":"<p>Berne, 06.12.2007 &#8211; Le directeur suppl\u00e9ant du Secr\u00e9tariat d&#39;Etat \u00e0 l&#39;\u00e9ducation et \u00e0 la recherche Paul-Erich Zinsli et le directeur g\u00e9n\u00e9ral suppl\u00e9ant de la Direction g\u00e9n\u00e9rale Recherche de la Commission europ\u00e9enne Daniel Jacob se sont rencontr\u00e9s jeudi \u00e0 Bruxelles \u00e0 l&#39;occasion de la r\u00e9union du Comit\u00e9 mixte sur l&#39;accord de coop\u00e9ration scientifique Suisse-UE. Les deux [&hellip;]<\/p>\n","protected":false},"author":1,"featured_media":0,"comment_status":"closed","ping_status":"closed","sticky":false,"template":"","format":"standard","meta":{"_acf_changed":false,"footnotes":""},"categories":[186],"tags":[],"class_list":["post-15339","post","type-post","status-publish","format-standard","hentry","category-digital"],"acf":[],"_links":{"self":[{"href":"https:\/\/theark.ch\/fr\/wp-json\/wp\/v2\/posts\/15339","targetHints":{"allow":["GET"]}}],"collection":[{"href":"https:\/\/theark.ch\/fr\/wp-json\/wp\/v2\/posts"}],"about":[{"href":"https:\/\/theark.ch\/fr\/wp-json\/wp\/v2\/types\/post"}],"author":[{"embeddable":true,"href":"https:\/\/theark.ch\/fr\/wp-json\/wp\/v2\/users\/1"}],"replies":[{"embeddable":true,"href":"https:\/\/theark.ch\/fr\/wp-json\/wp\/v2\/comments?post=15339"}],"version-history":[{"count":0,"href":"https:\/\/theark.ch\/fr\/wp-json\/wp\/v2\/posts\/15339\/revisions"}],"wp:attachment":[{"href":"https:\/\/theark.ch\/fr\/wp-json\/wp\/v2\/media?parent=15339"}],"wp:term":[{"taxonomy":"category","embeddable":true,"href":"https:\/\/theark.ch\/fr\/wp-json\/wp\/v2\/categories?post=15339"},{"taxonomy":"post_tag","embeddable":true,"href":"https:\/\/theark.ch\/fr\/wp-json\/wp\/v2\/tags?post=15339"}],"curies":[{"name":"wp","href":"https:\/\/api.w.org\/{rel}","templated":true}]}}