{"id":15851,"date":"2013-12-09T13:48:00","date_gmt":"2013-12-09T12:48:00","guid":{"rendered":"http:\/\/theark.ch\/prix-de-vigier-672\/"},"modified":"2013-12-09T13:48:00","modified_gmt":"2013-12-09T11:48:00","slug":"prix-de-vigier-672","status":"publish","type":"post","link":"https:\/\/theark.ch\/fr\/news\/prix-de-vigier-672\/","title":{"rendered":"Prix de Vigier"},"content":{"rendered":"<p><strong>A qui ce prix s&#39;adresse-t-il? <\/strong><br \/>\nLa Fondation W. A. de Vigier, du nom de son cr\u00e9ateur, montre l&#39;attachement de ce dernier \u00e0 son pays natal, m\u00eame s&#39;il a principalement r\u00e9sid\u00e9 \u00e0 Londres. Le prix W.A. de Vigier r\u00e9compense des entrepreneurs suisses \u00e2g\u00e9s de 45 ans au maximum qui font preuve d&#39;innovation dans leur mani\u00e8re de penser et de faire des affaires. Il importe par ailleurs qu&#39;ils aient la volont\u00e9 de cr\u00e9er des emplois gr\u00e2ce \u00e0 de nouveaux produits ou services et qu&#39;ils se consacrent corps et \u00e2me \u00e0 leur projet.<\/p>\n<p><strong>Les conditions \u00e0 remplir: <\/strong><br \/>\n&#8211; Une id\u00e9e de produit ou de service novatrice et prometteuse<br \/>\n&#8211; La cr\u00e9ation d&#39;une soci\u00e9t\u00e9 anonyme ou d&#39;une soci\u00e9t\u00e9 \u00e0 responsabilit\u00e9 limit\u00e9e ayant son si\u00e8ge en Suisse pour la r\u00e9alisation et la commercialisation du projet<br \/>\n&#8211; Etre employ\u00e9 \u00e0 temps plein dans l&#39;entreprise<br \/>\n&#8211; Etre citoyen suisse et \u00eatre domicili\u00e9 en Suisse<br \/>\n&#8211; Ne pas avoir plus de 45 ans<\/p>\n<p>Si vous \u00eates int\u00e9ress\u00e9s, n&#39;h\u00e9sitez pas \u00e0 consulter le site ci-dessous<\/p>\n<p>Pour plus d&#39;informations: <a class=\"darkblue\" href=\"http:\/\/theark.ch\/pages\/OpenOtherSite.cfm?TheUrl=http%3A%2F%2Fwww%2Edevigier%2Ech\" target=\"_blank\" rel=\"noopener\"><font color=\"#84609e\"><u> Liens<\/u><\/font><\/a><\/p>\n","protected":false},"excerpt":{"rendered":"<p>A qui ce prix s&#39;adresse-t-il? La Fondation W. A. de Vigier, du nom de son cr\u00e9ateur, montre l&#39;attachement de ce dernier \u00e0 son pays natal, m\u00eame s&#39;il a principalement r\u00e9sid\u00e9 \u00e0 Londres. Le prix W.A. de Vigier r\u00e9compense des entrepreneurs suisses \u00e2g\u00e9s de 45 ans au maximum qui font preuve d&#39;innovation dans leur mani\u00e8re de [&hellip;]<\/p>\n","protected":false},"author":1,"featured_media":0,"comment_status":"closed","ping_status":"closed","sticky":false,"template":"","format":"standard","meta":{"_acf_changed":false,"footnotes":""},"categories":[186],"tags":[],"class_list":["post-15851","post","type-post","status-publish","format-standard","hentry","category-digital"],"acf":[],"_links":{"self":[{"href":"https:\/\/theark.ch\/fr\/wp-json\/wp\/v2\/posts\/15851","targetHints":{"allow":["GET"]}}],"collection":[{"href":"https:\/\/theark.ch\/fr\/wp-json\/wp\/v2\/posts"}],"about":[{"href":"https:\/\/theark.ch\/fr\/wp-json\/wp\/v2\/types\/post"}],"author":[{"embeddable":true,"href":"https:\/\/theark.ch\/fr\/wp-json\/wp\/v2\/users\/1"}],"replies":[{"embeddable":true,"href":"https:\/\/theark.ch\/fr\/wp-json\/wp\/v2\/comments?post=15851"}],"version-history":[{"count":0,"href":"https:\/\/theark.ch\/fr\/wp-json\/wp\/v2\/posts\/15851\/revisions"}],"wp:attachment":[{"href":"https:\/\/theark.ch\/fr\/wp-json\/wp\/v2\/media?parent=15851"}],"wp:term":[{"taxonomy":"category","embeddable":true,"href":"https:\/\/theark.ch\/fr\/wp-json\/wp\/v2\/categories?post=15851"},{"taxonomy":"post_tag","embeddable":true,"href":"https:\/\/theark.ch\/fr\/wp-json\/wp\/v2\/tags?post=15851"}],"curies":[{"name":"wp","href":"https:\/\/api.w.org\/{rel}","templated":true}]}}