{"id":16135,"date":"2013-12-09T13:48:00","date_gmt":"2013-12-09T12:48:00","guid":{"rendered":"http:\/\/theark.ch\/the-ark-va-a-la-rencontre-des-etudiants-des-deux-ecoles-polytechniques-de-suisse-722\/"},"modified":"2013-12-09T13:48:00","modified_gmt":"2013-12-09T11:48:00","slug":"the-ark-va-a-la-rencontre-des-etudiants-des-deux-ecoles-polytechniques-de-suisse-722","status":"publish","type":"post","link":"https:\/\/theark.ch\/fr\/news\/the-ark-va-a-la-rencontre-des-etudiants-des-deux-ecoles-polytechniques-de-suisse-722\/","title":{"rendered":"The Ark va \u00e0 la rencontre des \u00e9tudiants des deux \u00e9coles polytechniques de Suisse"},"content":{"rendered":"<p>En soutenant\u00a0le Challenge09, La Fondation The Ark participe activement \u00e0\u00a0 la rencontres des \u00e9tudiants des deux Ecoles Polytechniques de Suisse sur les pistes de ski valaisannes.<\/p>\n<p>Le Challenge09 est une comp\u00e9tition sportive et amicale, organis\u00e9e chaque ann\u00e9e,\u00a0entre les deux \u00e9coles polytechniques de Suisse : l&#39;EPFL et l&#39;ETHZ. Pour cette ann\u00e9e 2009, le comit\u00e9 d&#39;organisation\u00a0a choisi le Valais, plus pr\u00e9cis\u00e9ment la station touristique d&#39;Evol\u00e8ne. Cette manifestation r\u00e9unira une centaine d&#39;\u00e9tudiants,\u00a0des professeurs, assistants et doctorants en dehors\u00a0du\u00a0cadre acad\u00e9mique habituel.<\/p>\n<p>Du 5 au 8 mars 2009, la Fondation The Ark\u00a0mettra en avant\u00a0l&#39;image d&#39;un canton dynamique et fort d&#39;innovation. La Fondation s&#39;appuiera sur les institutions touristiques pour assurer le plein succ\u00e8s de cette manifestation.<\/p>\n<p>\u00a0<\/p>\n","protected":false},"excerpt":{"rendered":"<p>En soutenant\u00a0le Challenge09, La Fondation The Ark participe activement \u00e0\u00a0 la rencontres des \u00e9tudiants des deux Ecoles Polytechniques de Suisse sur les pistes de ski valaisannes. Le Challenge09 est une comp\u00e9tition sportive et amicale, organis\u00e9e chaque ann\u00e9e,\u00a0entre les deux \u00e9coles polytechniques de Suisse : l&#39;EPFL et l&#39;ETHZ. Pour cette ann\u00e9e 2009, le comit\u00e9 d&#39;organisation\u00a0a choisi [&hellip;]<\/p>\n","protected":false},"author":1,"featured_media":0,"comment_status":"closed","ping_status":"closed","sticky":false,"template":"","format":"standard","meta":{"_acf_changed":false,"footnotes":""},"categories":[192],"tags":[],"class_list":["post-16135","post","type-post","status-publish","format-standard","hentry","category-sante"],"acf":[],"_links":{"self":[{"href":"https:\/\/theark.ch\/fr\/wp-json\/wp\/v2\/posts\/16135","targetHints":{"allow":["GET"]}}],"collection":[{"href":"https:\/\/theark.ch\/fr\/wp-json\/wp\/v2\/posts"}],"about":[{"href":"https:\/\/theark.ch\/fr\/wp-json\/wp\/v2\/types\/post"}],"author":[{"embeddable":true,"href":"https:\/\/theark.ch\/fr\/wp-json\/wp\/v2\/users\/1"}],"replies":[{"embeddable":true,"href":"https:\/\/theark.ch\/fr\/wp-json\/wp\/v2\/comments?post=16135"}],"version-history":[{"count":0,"href":"https:\/\/theark.ch\/fr\/wp-json\/wp\/v2\/posts\/16135\/revisions"}],"wp:attachment":[{"href":"https:\/\/theark.ch\/fr\/wp-json\/wp\/v2\/media?parent=16135"}],"wp:term":[{"taxonomy":"category","embeddable":true,"href":"https:\/\/theark.ch\/fr\/wp-json\/wp\/v2\/categories?post=16135"},{"taxonomy":"post_tag","embeddable":true,"href":"https:\/\/theark.ch\/fr\/wp-json\/wp\/v2\/tags?post=16135"}],"curies":[{"name":"wp","href":"https:\/\/api.w.org\/{rel}","templated":true}]}}