{"id":16151,"date":"2013-12-09T13:48:00","date_gmt":"2013-12-09T12:48:00","guid":{"rendered":"http:\/\/theark.ch\/incubateur-the-ark-au-forum-polymesse-a-zurich-724\/"},"modified":"2013-12-09T13:48:00","modified_gmt":"2013-12-09T11:48:00","slug":"incubateur-the-ark-au-forum-polymesse-a-zurich-724","status":"publish","type":"post","link":"https:\/\/theark.ch\/fr\/news\/incubateur-the-ark-au-forum-polymesse-a-zurich-724\/","title":{"rendered":"Incubateur The Ark au Forum Polymesse \u00e0 Z\u00fcrich"},"content":{"rendered":"<p><span style=\"font-family: \"Arial\",\"sans-serif\"; font-size: 10pt; mso-fareast-font-family: Calibri; mso-fareast-theme-font: minor-latin; mso-ansi-language: FR-CH; mso-fareast-language: FR-CH; mso-bidi-language: AR-SA\"><span style=\"font-family: \"Arial\",\"sans-serif\"; font-size: 10pt; mso-fareast-font-family: Calibri; mso-fareast-theme-font: minor-latin; mso-ansi-language: FR-CH; mso-fareast-language: FR-CH; mso-bidi-language: AR-SA\">L\u2019Incubateur The Ark sera pr\u00e9sent lors du Forum Polymesse le 21 avril 2009 \u00e0 Z\u00fcrich\u00a0! The Ark se r\u00e9jouit d\u2019accueillir les \u00e9tudiants sur son stand afin de les informer des diff\u00e9rentes activit\u00e9s de la Fondation.<\/span><\/span><\/p>\n","protected":false},"excerpt":{"rendered":"<p>L\u2019Incubateur The Ark sera pr\u00e9sent lors du Forum Polymesse le 21 avril 2009 \u00e0 Z\u00fcrich\u00a0! The Ark se r\u00e9jouit d\u2019accueillir les \u00e9tudiants sur son stand afin de les informer des diff\u00e9rentes activit\u00e9s de la Fondation.<\/p>\n","protected":false},"author":1,"featured_media":0,"comment_status":"closed","ping_status":"closed","sticky":false,"template":"","format":"standard","meta":{"_acf_changed":false,"footnotes":""},"categories":[186],"tags":[],"class_list":["post-16151","post","type-post","status-publish","format-standard","hentry","category-digital"],"acf":[],"_links":{"self":[{"href":"https:\/\/theark.ch\/fr\/wp-json\/wp\/v2\/posts\/16151","targetHints":{"allow":["GET"]}}],"collection":[{"href":"https:\/\/theark.ch\/fr\/wp-json\/wp\/v2\/posts"}],"about":[{"href":"https:\/\/theark.ch\/fr\/wp-json\/wp\/v2\/types\/post"}],"author":[{"embeddable":true,"href":"https:\/\/theark.ch\/fr\/wp-json\/wp\/v2\/users\/1"}],"replies":[{"embeddable":true,"href":"https:\/\/theark.ch\/fr\/wp-json\/wp\/v2\/comments?post=16151"}],"version-history":[{"count":0,"href":"https:\/\/theark.ch\/fr\/wp-json\/wp\/v2\/posts\/16151\/revisions"}],"wp:attachment":[{"href":"https:\/\/theark.ch\/fr\/wp-json\/wp\/v2\/media?parent=16151"}],"wp:term":[{"taxonomy":"category","embeddable":true,"href":"https:\/\/theark.ch\/fr\/wp-json\/wp\/v2\/categories?post=16151"},{"taxonomy":"post_tag","embeddable":true,"href":"https:\/\/theark.ch\/fr\/wp-json\/wp\/v2\/tags?post=16151"}],"curies":[{"name":"wp","href":"https:\/\/api.w.org\/{rel}","templated":true}]}}