{"id":16191,"date":"2013-12-09T13:48:00","date_gmt":"2013-12-09T12:48:00","guid":{"rendered":"http:\/\/theark.ch\/rapport-d-activites-2008-733\/"},"modified":"2013-12-09T13:48:00","modified_gmt":"2013-12-09T11:48:00","slug":"rapport-d-activites-2008-733","status":"publish","type":"post","link":"https:\/\/theark.ch\/fr\/news\/rapport-d-activites-2008-733\/","title":{"rendered":"Rapport d&rsquo;activit\u00e9s 2008"},"content":{"rendered":"<p>Apr\u00e8s 5 ans de travail sur le terrain, la Fondation joue pleinement son r\u00f4le de r\u00e9v\u00e9lateur d\u2019id\u00e9es d\u2019innovation et de catalyseur des diff\u00e9rents acteurs pour la r\u00e9alisation de projets novateurs. Gr\u00e2ce \u00e0 son appui, les chercheurs, les jeunes cr\u00e9ateurs d\u2019entreprises et les entrepreneurs ne sont plus seuls pour transformer une id\u00e9e innovante en un produit commercialis\u00e9.<\/p>\n<div style=\"margin: 0cm 0cm 10pt\">Retrouvez les r\u00e9sultats 2008 de la Fondation dans son rapport annuel disponible en format pdf sous <a href=\"http:\/\/theark.ch\/fondation\/rapport\/rapport-d-activites-0-138\">\u00ab\u00a0Rapport d\u2019activit\u00e9s\u00a0\u00bb <\/a>sous la rubrique \u00ab\u00a0FONDATION\u00a0\u00bb de notre site.<\/div>\n","protected":false},"excerpt":{"rendered":"<p>Apr\u00e8s 5 ans de travail sur le terrain, la Fondation joue pleinement son r\u00f4le de r\u00e9v\u00e9lateur d\u2019id\u00e9es d\u2019innovation et de catalyseur des diff\u00e9rents acteurs pour la r\u00e9alisation de projets novateurs. Gr\u00e2ce \u00e0 son appui, les chercheurs, les jeunes cr\u00e9ateurs d\u2019entreprises et les entrepreneurs ne sont plus seuls pour transformer une id\u00e9e innovante en un produit [&hellip;]<\/p>\n","protected":false},"author":1,"featured_media":0,"comment_status":"closed","ping_status":"closed","sticky":false,"template":"","format":"standard","meta":{"_acf_changed":false,"footnotes":""},"categories":[186],"tags":[],"class_list":["post-16191","post","type-post","status-publish","format-standard","hentry","category-digital"],"acf":[],"_links":{"self":[{"href":"https:\/\/theark.ch\/fr\/wp-json\/wp\/v2\/posts\/16191","targetHints":{"allow":["GET"]}}],"collection":[{"href":"https:\/\/theark.ch\/fr\/wp-json\/wp\/v2\/posts"}],"about":[{"href":"https:\/\/theark.ch\/fr\/wp-json\/wp\/v2\/types\/post"}],"author":[{"embeddable":true,"href":"https:\/\/theark.ch\/fr\/wp-json\/wp\/v2\/users\/1"}],"replies":[{"embeddable":true,"href":"https:\/\/theark.ch\/fr\/wp-json\/wp\/v2\/comments?post=16191"}],"version-history":[{"count":0,"href":"https:\/\/theark.ch\/fr\/wp-json\/wp\/v2\/posts\/16191\/revisions"}],"wp:attachment":[{"href":"https:\/\/theark.ch\/fr\/wp-json\/wp\/v2\/media?parent=16191"}],"wp:term":[{"taxonomy":"category","embeddable":true,"href":"https:\/\/theark.ch\/fr\/wp-json\/wp\/v2\/categories?post=16191"},{"taxonomy":"post_tag","embeddable":true,"href":"https:\/\/theark.ch\/fr\/wp-json\/wp\/v2\/tags?post=16191"}],"curies":[{"name":"wp","href":"https:\/\/api.w.org\/{rel}","templated":true}]}}