{"id":16931,"date":"2013-12-09T13:48:00","date_gmt":"2013-12-09T12:48:00","guid":{"rendered":"http:\/\/theark.ch\/prix-sommet-le-gagnant-est-816\/"},"modified":"2013-12-09T13:48:00","modified_gmt":"2013-12-09T11:48:00","slug":"prix-sommet-le-gagnant-est-816","status":"publish","type":"post","link":"https:\/\/theark.ch\/fr\/news\/prix-sommet-le-gagnant-est-816\/","title":{"rendered":"Prix Sommet: le gagnant est&#8230;"},"content":{"rendered":"<p>Affluence record pour la 24e \u00e9dition du Prix Sommet UBS, \u00abLe Nouvelliste \u00bb, \u00abWalliser Bote\u00bb. Le public pr\u00e9sent \u00e0 la halle polyvalente de Conthey, plus de 1200 personnes, un record, a vu l\u2019entreprise Zenh\u00e4usern remporter le prix de 10 000 francs que son directeur Gerhard Zenh\u00e4usern remettra \u00e0 des oeuvres d\u2019entraide valaisannes.<\/p>\n<p><strong>Les clefs du succ\u00e8s<\/strong><\/p>\n<p>Le th\u00e8me des clefs du succ\u00e8s a suscit\u00e9 un int\u00e9r\u00eat consid\u00e9rable en cette p\u00e9riode de crise, \u00e0 croire que certaines entreprises sont venues chercher des mod\u00e8les d\u2019affaires innovants pour lutter contre la mauvaise conjoncture. Et, sur ce plan, elles ont pu faire le plein d\u2019id\u00e9es nouvelles \u00e0 mettre en pratique. Tout d\u2019abord, \u00e0 travers la pr\u00e9sentation des cinq PME s\u00e9lectionn\u00e9es, fer de lance d\u2019une \u00e9conomie valaisanne plus dynamique que certains le pensent. Ensuite, par l\u2019assurance donn\u00e9e par le directeur suisse d\u2019UBS Franco Morra qui avait fait le d\u00e9placement et qui a assur\u00e9 l\u2019assembl\u00e9e de l\u2019int\u00e9r\u00eat port\u00e9 par sa banque aux PME valaisannes. Enfin, et surtout, par la conf\u00e9rence de Bertrand Piccard pour lequel l\u2019innovation constitue un sacerdoce.<\/p>\n<p>La suite dans l&#39;article du Nouvelliste ci-dessous.<\/p>\n","protected":false},"excerpt":{"rendered":"<p>Affluence record pour la 24e \u00e9dition du Prix Sommet UBS, \u00abLe Nouvelliste \u00bb, \u00abWalliser Bote\u00bb. Le public pr\u00e9sent \u00e0 la halle polyvalente de Conthey, plus de 1200 personnes, un record, a vu l\u2019entreprise Zenh\u00e4usern remporter le prix de 10 000 francs que son directeur Gerhard Zenh\u00e4usern remettra \u00e0 des oeuvres d\u2019entraide valaisannes. Les clefs du [&hellip;]<\/p>\n","protected":false},"author":1,"featured_media":0,"comment_status":"closed","ping_status":"closed","sticky":false,"template":"","format":"standard","meta":{"_acf_changed":false,"footnotes":""},"categories":[186],"tags":[],"class_list":["post-16931","post","type-post","status-publish","format-standard","hentry","category-digital"],"acf":[],"_links":{"self":[{"href":"https:\/\/theark.ch\/fr\/wp-json\/wp\/v2\/posts\/16931","targetHints":{"allow":["GET"]}}],"collection":[{"href":"https:\/\/theark.ch\/fr\/wp-json\/wp\/v2\/posts"}],"about":[{"href":"https:\/\/theark.ch\/fr\/wp-json\/wp\/v2\/types\/post"}],"author":[{"embeddable":true,"href":"https:\/\/theark.ch\/fr\/wp-json\/wp\/v2\/users\/1"}],"replies":[{"embeddable":true,"href":"https:\/\/theark.ch\/fr\/wp-json\/wp\/v2\/comments?post=16931"}],"version-history":[{"count":0,"href":"https:\/\/theark.ch\/fr\/wp-json\/wp\/v2\/posts\/16931\/revisions"}],"wp:attachment":[{"href":"https:\/\/theark.ch\/fr\/wp-json\/wp\/v2\/media?parent=16931"}],"wp:term":[{"taxonomy":"category","embeddable":true,"href":"https:\/\/theark.ch\/fr\/wp-json\/wp\/v2\/categories?post=16931"},{"taxonomy":"post_tag","embeddable":true,"href":"https:\/\/theark.ch\/fr\/wp-json\/wp\/v2\/tags?post=16931"}],"curies":[{"name":"wp","href":"https:\/\/api.w.org\/{rel}","templated":true}]}}