{"id":17622,"date":"2013-12-09T13:49:00","date_gmt":"2013-12-09T12:49:00","guid":{"rendered":"http:\/\/theark.ch\/la-conjoncture-valaisanne-en-juin-2010-910\/"},"modified":"2013-12-09T13:49:00","modified_gmt":"2013-12-09T11:49:00","slug":"la-conjoncture-valaisanne-en-juin-2010-910","status":"publish","type":"post","link":"https:\/\/theark.ch\/fr\/news\/la-conjoncture-valaisanne-en-juin-2010-910\/","title":{"rendered":"La conjoncture valaisanne en juin 2010"},"content":{"rendered":"<p><strong><a href=\"http:\/\/blog.theark.ch\/files\/2010\/09\/Par_939_GraphiqueIndicateur_juin2010_FR_fr.jpg\"><\/a>Forte progression au deuxi\u00e8me trimestre<\/strong><br \/>\nL&#39;\u00e9conomie valaisanne a enregistr\u00e9 un deuxi\u00e8me semestre particuli\u00e8rement dynamique. D&#39;apr\u00e8s l&#39;indicateur \u00e9conomique de la Banque Cantonale du Valais, la croissance a atteint 4.5% sur la p\u00e9riode d&#39;avril \u00e0 juin. Elle \u00e9gale presque la performance du premier trimestre (4.9%). Pour le mois de juin sous revue, elle a l\u00e9g\u00e8rement ralenti \u00e0 3.2%.<\/p>\n<p><strong>Demande toujours forte pour les manufactures<\/strong><br \/>\nLa demande \u00e9trang\u00e8re pour les biens manufactur\u00e9s en Valais est rest\u00e9e \u00e9lev\u00e9e. En juin, les exportations nominales ont bondi de 50%. Sur l&#39;ensemble du deuxi\u00e8me trimestre, elles ont progress\u00e9 de 70%. La chimie-pharmaceutique est le moteur de cette explosion. Ses exportations ont plus que doubl\u00e9 (+112%). La m\u00e9tallurgie, deuxi\u00e8me branche en importance, fait progresser ses ventes de 50%. En revanche, l&#39;industrie des machines poursuit son repli. Le groupe de produits \u00ab machines, outils et \u00e9lectronique \u00bb recule de 3.9%.<\/p>\n<p><strong>Construction : signaux ambigus<\/strong><br \/>\nSelon les donn\u00e9es de la Soci\u00e9t\u00e9 Suisse des Entrepreneurs, la construction a d\u00e9velopp\u00e9 son activit\u00e9 au deuxi\u00e8me semestre de 2.2% par rapport \u00e0 la premi\u00e8re partie de l&#39;ann\u00e9e. Alors que le b\u00e2timent progresse fortement, le g\u00e9nie civil marque le pas. Pour la suite, les indicateurs sont confus. Les projets de construction augmentent de 2.2%, mais les r\u00e9serves de travail fondent (-14.3%). L&#39;\u00e9volution de ces deux param\u00e8tres sera plus difficile pour le g\u00e9nie civil.<\/p>\n<p><strong>Le tourisme souffre de l&#39;euro<\/strong><br \/>\nLe nombre des nuit\u00e9es h\u00f4teli\u00e8res recule de 3.1% au deuxi\u00e8me trimestre par rapport au premier. Le recul est avant tout imputable \u00e0 l&#39;effondrement de la demande issue d&#39;Europe de l&#39;ouest. En particulier, le march\u00e9 allemand s&#39;affaisse de 21.1%. Le cours de change d\u00e9favorable explique cette \u00e9volution n\u00e9gative. Les march\u00e9s lointains ont en revanche enregistr\u00e9 des r\u00e9sultats r\u00e9jouissants. La demande am\u00e9ricaine a augment\u00e9 de 11.2%, celle de l&#39;Asie de 17.4%.<\/p>\n<p><strong>Recul saisonnier du taux de ch\u00f4mage<\/strong><br \/>\nEn juin 2010, le taux de ch\u00f4mage valaisan s&#39;inscrit \u00e0 3.6%, soit un demi-point de moins qu&#39;en mai. Ce recul est en revanche enti\u00e8rement saisonnier. Apr\u00e8s correction, le mois de juin a vu une l\u00e9g\u00e8re augmentation de 0.1 pourcent pour atteindre 4.5%. Sur l&#39;ensemble du deuxi\u00e8me trimestre, le taux de ch\u00f4mage moyen est de 4.4%, soit un dixi\u00e8me de point de moins qu&#39;au premier.<\/p>\n<ul>\n<li><strong>Graphique 1<\/strong>\u00a0: <a href=\"http:\/\/www.bcvs.ch\/data\/backoffice\/images\/ImgParagraphes\/Par_939_GraphiqueIndicateur_juin2010_FR_fr.jpg\" target=\"_blank\" rel=\"noopener\">Indicateur \u00e9conomique du Valais<\/a><\/li>\n<li><strong>Graphique 2<\/strong>\u00a0: <a href=\"http:\/\/www.bcvs.ch\/entreprises\/pages\/PopUpShowBigImage.cfm?ImageName=Par_940_GraphiqueIndicPIB_juin2010_FR_fr.jpg&#038;FromParagraphe=1\" target=\"_blank\" rel=\"noopener\">Indicateur \u00e9conomique du Valais et produit int\u00e9rieur brut r\u00e9el en Suisse<\/a><\/li>\n<\/ul>\n<p><strong>Source<\/strong> : <a href=\"http:\/\/www.bcvs.ch\/entreprises\/index.cfm?Page=BuildPageMainIntermed&#038;MainMenuId=140&#038;SousMenuId=308&#038;Langue=fr\" target=\"_blank\" rel=\"noopener\">Newsletter Banque\u00a0Cantonale du Valais<\/a><\/p>\n<p>\u00a0<\/p>\n","protected":false},"excerpt":{"rendered":"<p>Forte progression au deuxi\u00e8me trimestre L&#39;\u00e9conomie valaisanne a enregistr\u00e9 un deuxi\u00e8me semestre particuli\u00e8rement dynamique. D&#39;apr\u00e8s l&#39;indicateur \u00e9conomique de la Banque Cantonale du Valais, la croissance a atteint 4.5% sur la p\u00e9riode d&#39;avril \u00e0 juin. Elle \u00e9gale presque la performance du premier trimestre (4.9%). Pour le mois de juin sous revue, elle a l\u00e9g\u00e8rement ralenti \u00e0 [&hellip;]<\/p>\n","protected":false},"author":1,"featured_media":0,"comment_status":"closed","ping_status":"closed","sticky":false,"template":"","format":"standard","meta":{"_acf_changed":false,"footnotes":""},"categories":[196],"tags":[],"class_list":["post-17622","post","type-post","status-publish","format-standard","hentry","category-mecanique"],"acf":[],"_links":{"self":[{"href":"https:\/\/theark.ch\/fr\/wp-json\/wp\/v2\/posts\/17622","targetHints":{"allow":["GET"]}}],"collection":[{"href":"https:\/\/theark.ch\/fr\/wp-json\/wp\/v2\/posts"}],"about":[{"href":"https:\/\/theark.ch\/fr\/wp-json\/wp\/v2\/types\/post"}],"author":[{"embeddable":true,"href":"https:\/\/theark.ch\/fr\/wp-json\/wp\/v2\/users\/1"}],"replies":[{"embeddable":true,"href":"https:\/\/theark.ch\/fr\/wp-json\/wp\/v2\/comments?post=17622"}],"version-history":[{"count":0,"href":"https:\/\/theark.ch\/fr\/wp-json\/wp\/v2\/posts\/17622\/revisions"}],"wp:attachment":[{"href":"https:\/\/theark.ch\/fr\/wp-json\/wp\/v2\/media?parent=17622"}],"wp:term":[{"taxonomy":"category","embeddable":true,"href":"https:\/\/theark.ch\/fr\/wp-json\/wp\/v2\/categories?post=17622"},{"taxonomy":"post_tag","embeddable":true,"href":"https:\/\/theark.ch\/fr\/wp-json\/wp\/v2\/tags?post=17622"}],"curies":[{"name":"wp","href":"https:\/\/api.w.org\/{rel}","templated":true}]}}