{"id":19640,"date":"2013-12-09T13:48:00","date_gmt":"2013-12-09T12:48:00","guid":{"rendered":"http:\/\/theark.ch\/premiere-rencontre-biotech-synthese-566\/"},"modified":"2013-12-09T13:48:00","modified_gmt":"2013-12-09T11:48:00","slug":"premiere-rencontre-biotech-synthese-566","status":"publish","type":"post","link":"https:\/\/theark.ch\/fr\/news\/premiere-rencontre-biotech-synthese-566\/","title":{"rendered":"Premi\u00e8re Rencontre Biotech &#8211; Synth\u00e8se"},"content":{"rendered":"<p>la premi\u00e8re rencontre Biotech a eu lieu le 24 mai 2005 \u00e0 Monthey sur le th\u00e8me: Sciences de la Vie: leur d\u00e9veloppement en Valais, les tendances du domaine et leurs liens avec les nanotechnologies.<\/p>\n<p>Vous trouverez ci-dessous la synth\u00e8se en t\u00e9l\u00e9chargement.<\/p>\n<p>Les nombreux articles publi\u00e9s autour de cet \u00e9v\u00e8nement sont t\u00e9l\u00e9chargeable dans<br \/>\n<a href=\"http:\/\/theark.ch\/index.cfm?Page=BuildPageMainIntermed&#038;MainMenuId=81&#038;SousMenuId=127\" target=\"_blank\" rel=\"noopener\">la rubrique media du site de The Ark.<\/a><\/p>\n","protected":false},"excerpt":{"rendered":"<p>la premi\u00e8re rencontre Biotech a eu lieu le 24 mai 2005 \u00e0 Monthey sur le th\u00e8me: Sciences de la Vie: leur d\u00e9veloppement en Valais, les tendances du domaine et leurs liens avec les nanotechnologies. Vous trouverez ci-dessous la synth\u00e8se en t\u00e9l\u00e9chargement. Les nombreux articles publi\u00e9s autour de cet \u00e9v\u00e8nement sont t\u00e9l\u00e9chargeable dans la rubrique media [&hellip;]<\/p>\n","protected":false},"author":1,"featured_media":0,"comment_status":"closed","ping_status":"closed","sticky":false,"template":"","format":"standard","meta":{"_acf_changed":false,"footnotes":""},"categories":[190],"tags":[],"class_list":["post-19640","post","type-post","status-publish","format-standard","hentry","category-biotechnologies"],"acf":[],"_links":{"self":[{"href":"https:\/\/theark.ch\/fr\/wp-json\/wp\/v2\/posts\/19640","targetHints":{"allow":["GET"]}}],"collection":[{"href":"https:\/\/theark.ch\/fr\/wp-json\/wp\/v2\/posts"}],"about":[{"href":"https:\/\/theark.ch\/fr\/wp-json\/wp\/v2\/types\/post"}],"author":[{"embeddable":true,"href":"https:\/\/theark.ch\/fr\/wp-json\/wp\/v2\/users\/1"}],"replies":[{"embeddable":true,"href":"https:\/\/theark.ch\/fr\/wp-json\/wp\/v2\/comments?post=19640"}],"version-history":[{"count":0,"href":"https:\/\/theark.ch\/fr\/wp-json\/wp\/v2\/posts\/19640\/revisions"}],"wp:attachment":[{"href":"https:\/\/theark.ch\/fr\/wp-json\/wp\/v2\/media?parent=19640"}],"wp:term":[{"taxonomy":"category","embeddable":true,"href":"https:\/\/theark.ch\/fr\/wp-json\/wp\/v2\/categories?post=19640"},{"taxonomy":"post_tag","embeddable":true,"href":"https:\/\/theark.ch\/fr\/wp-json\/wp\/v2\/tags?post=19640"}],"curies":[{"name":"wp","href":"https:\/\/api.w.org\/{rel}","templated":true}]}}