{"id":23546,"date":"2024-10-02T07:00:00","date_gmt":"2024-10-02T05:00:00","guid":{"rendered":"http:\/\/theark.ch\/?p=23546"},"modified":"2025-05-19T16:51:30","modified_gmt":"2025-05-19T14:51:30","slug":"decouvrez-la-pme-alps-automation-le-temps-dun-petit-dejeuner","status":"publish","type":"post","link":"https:\/\/theark.ch\/fr\/news\/decouvrez-la-pme-alps-automation-le-temps-dun-petit-dejeuner\/","title":{"rendered":"D\u00e9couvrez la PME ALPS Automation, le temps d\u2019un petit-d\u00e9jeuner\u00a0!"},"content":{"rendered":"\n<h4 class=\"wp-block-heading\"><strong>La Chambre valaisanne du commerce et de l\u2019industrie (<a href=\"https:\/\/www.cci-valais.ch\/\" target=\"_blank\" rel=\"noopener\">CCI-VS<\/a>) organise, le vendredi 18 octobre prochain, un petit d\u00e9jeuner 4.0 chez ALPS Automation \u00e0 Vouvry. L\u2019occasion de d\u00e9couvrir cette entreprise innovante, active dans l\u2019ing\u00e9nierie \u00e9lectrique et l\u2019automation industrielle, mais \u00e9galement de r\u00e9seauter et de partager un petit-d\u00e9jeuner. La participation est gratuite, mais l\u2019inscription obligatoire.<\/strong><\/h4>\n\n\n\n<div style=\"height:22px\" aria-hidden=\"true\" class=\"wp-block-spacer\"><\/div>\n\n\n\n<p><a href=\"https:\/\/www.alpsautomation.ch\/\" target=\"_blank\" rel=\"noopener\">ALPS Automation<\/a> est une entreprise forte de presque 35 ans d\u2019exp\u00e9rience dans le domaine de l\u2019\u00e9lectrotechnique, dont une vingtaine d\u2019ann\u00e9es dans le secteur industriel. Elle propose ainsi un panel complet de prestations en termes d\u2019automation industrielle et b\u00e2timent, hardware et software, sans avoir recours \u00e0 la sous-traitance.\u00a0En plus de son si\u00e8ge principal situ\u00e9 \u00e0 Vouvry, ALPS Automation est pr\u00e9sente \u00e0 Yverdon, sur le site technologique d\u2019Y-Parc.<\/p>\n\n\n\n<h4 class=\"wp-block-heading\"><br><strong>Trois orateurs et un zoom sur la digitalisation<\/strong><\/h4>\n\n\n\n<p>Lors de la visite du 18 octobre prochain, Jean-Fran\u00e7ois Meynet CEO, Julien Faucon COO et\u00a0Cyril FAIVRE, directeur commercial et marketing, proposeront un petit historique de l\u2019entreprise, une pr\u00e9sentation de leurs prestations ainsi que\u00a0de certains de leurs projets. Un accent sera \u00e9galement mis sur le d\u00e9veloppement digital de l\u2019entreprise, mis en place depuis 2020.\u00a0<\/p>\n\n\n\n<p>L\u2019accueil est fix\u00e9 \u00e0 07h30 et la visite se terminera aux alentours de 09h30. <\/p>\n\n\n\n<p>Les inscriptions sont possibles d\u00e8s maintenant via ce lien&nbsp;: <a href=\"https:\/\/www.cci-valais.ch\/event\/petit-dejeuner-4-0-en-entreprise-19\/register\" target=\"_blank\" rel=\"noopener\">https:\/\/www.cci-valais.ch\/event\/petit-dejeuner-4-0-en-entreprise-19\/register<\/a><\/p>\n\n\n\n<p><strong>Source&nbsp;:<\/strong> communiqu\u00e9 CCI-VS<\/p>\n","protected":false},"excerpt":{"rendered":"<p>la chambre valaisanne du commerce et de l\u2019industrie organise, le vendredi 18 octobre prochain, un petit d\u00e9jeuner 4.0 chez alps automation \u00e0 vouvry. l\u2019occasion de d\u00e9couvrir cette entreprise innovante, active dans l\u2019ing\u00e9nierie \u00e9lectrique et l\u2019automation industrielle, mais \u00e9galement de r\u00e9seauter et de partager un petit-d\u00e9jeuner. la participation est gratuite, mais l\u2019inscription obligatoire. <\/p>\n","protected":false},"author":3,"featured_media":23561,"comment_status":"closed","ping_status":"closed","sticky":false,"template":"","format":"standard","meta":{"_acf_changed":false,"footnotes":""},"categories":[194],"tags":[],"class_list":["post-23546","post","type-post","status-publish","format-standard","has-post-thumbnail","hentry","category-event"],"acf":[],"_links":{"self":[{"href":"https:\/\/theark.ch\/fr\/wp-json\/wp\/v2\/posts\/23546","targetHints":{"allow":["GET"]}}],"collection":[{"href":"https:\/\/theark.ch\/fr\/wp-json\/wp\/v2\/posts"}],"about":[{"href":"https:\/\/theark.ch\/fr\/wp-json\/wp\/v2\/types\/post"}],"author":[{"embeddable":true,"href":"https:\/\/theark.ch\/fr\/wp-json\/wp\/v2\/users\/3"}],"replies":[{"embeddable":true,"href":"https:\/\/theark.ch\/fr\/wp-json\/wp\/v2\/comments?post=23546"}],"version-history":[{"count":20,"href":"https:\/\/theark.ch\/fr\/wp-json\/wp\/v2\/posts\/23546\/revisions"}],"predecessor-version":[{"id":40926,"href":"https:\/\/theark.ch\/fr\/wp-json\/wp\/v2\/posts\/23546\/revisions\/40926"}],"wp:featuredmedia":[{"embeddable":true,"href":"https:\/\/theark.ch\/fr\/wp-json\/wp\/v2\/media\/23561"}],"wp:attachment":[{"href":"https:\/\/theark.ch\/fr\/wp-json\/wp\/v2\/media?parent=23546"}],"wp:term":[{"taxonomy":"category","embeddable":true,"href":"https:\/\/theark.ch\/fr\/wp-json\/wp\/v2\/categories?post=23546"},{"taxonomy":"post_tag","embeddable":true,"href":"https:\/\/theark.ch\/fr\/wp-json\/wp\/v2\/tags?post=23546"}],"curies":[{"name":"wp","href":"https:\/\/api.w.org\/{rel}","templated":true}]}}