{"id":40618,"date":"2024-10-24T08:09:52","date_gmt":"2024-10-24T06:09:52","guid":{"rendered":"http:\/\/theark.ch\/?p=40618"},"modified":"2025-05-19T16:51:16","modified_gmt":"2025-05-19T14:51:16","slug":"steiger-fete-ses-75-ans-et-va-continuer-a-innover-a-vionnaz","status":"publish","type":"post","link":"https:\/\/theark.ch\/fr\/news\/steiger-fete-ses-75-ans-et-va-continuer-a-innover-a-vionnaz\/","title":{"rendered":"Steiger\u00a0f\u00eate ses 75 ans et va continuer \u00e0 innover \u00e0 Vionnaz\u00a0!"},"content":{"rendered":"\n<p><strong>L\u2019ADN de <a href=\"https:\/\/steiger-textil.ch\/\" target=\"_blank\" rel=\"noopener\">Steiger<\/a> est d\u2019\u00eatre \u00e0 l\u2019\u00e9coute de ses clients et de leur fournir exactement ce dont ils ont besoin. L\u2019innovation reste ainsi au c\u0153ur de la PME valaisanne, qui vient de f\u00eater ses 75 ans. Cet anniversaire a \u00e9t\u00e9 marqu\u00e9 par une c\u00e9r\u00e9monie officielle organis\u00e9e \u00e0 fin septembre, en pr\u00e9sence de G\u00e9rard Steiger, fils du fondateur historique, du conseiller d\u2019Etat Christophe Darbellay, du conseiller national Philippe Nantermod et Val\u00e9rie Bressoud Gu\u00e9rin, pr\u00e9sidente de Vionnaz.<\/strong><\/p>\n\n\n\n<div style=\"height:30px\" aria-hidden=\"true\" class=\"wp-block-spacer\"><\/div>\n\n\n\n<p>Fond\u00e9e en 1949 \u00e0 Roanne par Robert Steiger pour red\u00e9marrer les machines textiles arr\u00eat\u00e9es pendant la guerre, l\u2019entreprise Steiger s\u2019est install\u00e9e \u00e0 Vionnaz en 1963. \u00ab&nbsp;Mon p\u00e8re, visionnaire, a emmen\u00e9 avec lui les meilleurs artisans et techniciens de la r\u00e9gion roannaise. Convaincre ces experts de rejoindre cette aventure, \u00e9tait un v\u00e9ritable d\u00e9fi&nbsp;\u00bb, a rappel\u00e9 G\u00e9rard Steiger. \u00ab&nbsp;La mondialisation a fait son \u0153uvre, mais l\u2019entreprise est toujours l\u00e0, pr\u00eate, gr\u00e2ce \u00e0 des leaders passionn\u00e9s, \u00e0 relever de nouveaux d\u00e9fis&nbsp;\u00bb.<br><br>\u00ab&nbsp;A l\u2019\u00e8re de l\u2019industrie 4.0, c\u2019est gr\u00e2ce \u00e0 l\u2019innovation que nous sommes encore capables de produire des machines \u00e0 tricoter \u00e0 Vionnaz. Steiger, c\u2019est une entreprise qui a su \u00e9voluer et s\u2019adapter au fil des d\u00e9cennies, avec aujourd\u2019hui 100 collaborateurs sur deux sites, en Valais et en Chine \u00bb, a soulign\u00e9 pour sa part Pierre-Yves Bonvin, CEO de Steiger.<\/p>\n\n\n\n<div style=\"height:30px\" aria-hidden=\"true\" class=\"wp-block-spacer\"><\/div>\n\n\n\n<p><strong>Trois segments de niche<br><\/strong>Steiger s\u2019est ainsi sp\u00e9cialis\u00e9e, sur son site valaisan, dans trois segments de niche&nbsp;: la mode haut de gamme, le m\u00e9dical et le tricot technique. \u00ab&nbsp;Le domaine m\u00e9dical constitue 70% de notre chiffre d\u2019affaires, notamment sur le march\u00e9 des orth\u00e8ses, des genouill\u00e8res et de coudi\u00e8res, mais \u00e9galement gr\u00e2ce \u00e0 notre expertise dans la production de bandages compressifs tricot\u00e9s sur mesure pour les grands br\u00fbl\u00e9s&nbsp;\u00bb.<\/p>\n\n\n\n<div style=\"height:30px\" aria-hidden=\"true\" class=\"wp-block-spacer\"><\/div>\n\n\n\n<p>La division \u00ab&nbsp;tricot technique&nbsp;\u00bb de Steiger lui permet m\u00eame de \u00ab&nbsp;tricoter des avions&nbsp;\u00bb. \u00ab&nbsp;Nous tricotons en trois dimensions une pr\u00e9forme en fibre de carbone ou de verre, qui est ensuite solidifi\u00e9e dans un moule gr\u00e2ce \u00e0 de la r\u00e9sine. Cela donne des pi\u00e8ces ultral\u00e9g\u00e8res et tr\u00e8s r\u00e9sistantes appr\u00e9ci\u00e9es dans l\u2019a\u00e9ronautique&nbsp;\u00bb, selon Pierre-Yves Bonvin.<\/p>\n\n\n\n<div style=\"height:30px\" aria-hidden=\"true\" class=\"wp-block-spacer\"><\/div>\n\n\n\n<p>Malgr\u00e9 ces succ\u00e8s et innovations, les d\u00e9fis sont nombreux pour la PME valaisanne, notamment en lien avec le franc fort et l\u2019acc\u00e8s au march\u00e9 europ\u00e9en. \u00ab&nbsp;98% de nos machines sont livr\u00e9es en Europe. Les n\u00e9gociations avec l\u2019UE sont dans le flou et cela fragilise notre position. &nbsp;<\/p>\n\n\n\n<div style=\"height:30px\" aria-hidden=\"true\" class=\"wp-block-spacer\"><\/div>\n\n\n\n<h5 class=\"wp-block-heading\"><strong>Des actions marquantes lors du Covid<\/strong><\/h5>\n\n\n\n<p>\u00ab\u00a0Peu de personnes sont conscientes de ce qui se fait chez Steiger en mati\u00e8re d\u2019innovation. La population s\u2019est rendue compte de l\u2019une de ses sp\u00e9cialisations lors de la crise du Covid, lorsque l\u2019entreprise a cr\u00e9\u00e9 des masques tricot\u00e9s. Cela a \u00e9t\u00e9 un formidable coup de projecteur et a rempli de fiert\u00e9 bon nombre de citoyens\u00a0\u00bb, a soulign\u00e9 Val\u00e9rie Bressoud Gu\u00e9rin, pr\u00e9sidente de Vionnaz.<\/p>\n\n\n\n<div style=\"height:30px\" aria-hidden=\"true\" class=\"wp-block-spacer\"><\/div>\n\n\n\n<p>De son c\u00f4t\u00e9, le conseiller d\u2019Etat Christophe Darbellay a rappel\u00e9 l\u2019engagement de Steiger pour l\u2019\u00e9mergence d\u2019une culture du textile en Valais. \u00ab&nbsp;Ces derni\u00e8res ann\u00e9es, le canton s\u2019est fait conna\u00eetre internationalement dans l\u2019industrie de la mode. On pense bien s\u00fbr \u00e0 Kevin Germanier, qui a eu les honneurs de pr\u00e9senter ses cr\u00e9ations lors de la c\u00e9r\u00e9monie de cl\u00f4ture des JO de Paris&nbsp;\u00bb. Steiger collabore \u00e9galement r\u00e9guli\u00e8rement avec des stylistes, \u00e0 l\u2019image de Camille Rausis, d\u00e9montrant ainsi qu\u2019il \u00e9tait possible de cr\u00e9er de A \u00e0 Z des v\u00eatements \u00ab\u00a0made in Valais\u00a0\u00bb.<\/p>\n\n\n\n<div style=\"height:30px\" aria-hidden=\"true\" class=\"wp-block-spacer\"><\/div>\n\n\n\n<p><strong>Informations compl\u00e9mentaires&nbsp;<\/strong>: <a href=\"http:\/\/www.steiger-textil.ch\" target=\"_blank\" rel=\"noopener\">www.steiger-textil.ch<\/a><\/p>\n\n\n\n<div style=\"height:30px\" aria-hidden=\"true\" class=\"wp-block-spacer\"><\/div>\n\n\n\n<p><em>Propos recueillis le 20 septembre 2024<\/em><\/p>\n","protected":false},"excerpt":{"rendered":"<p>L\u2019ADN de Steiger est d\u2019\u00eatre \u00e0 l\u2019\u00e9coute de ses clients et de leur fournir exactement ce dont ils ont besoin. L\u2019innovation reste ainsi au c\u0153ur de la PME valaisanne, qui vient de f\u00eater ses 75 ans. Cet anniversaire a \u00e9t\u00e9 marqu\u00e9 par une c\u00e9r\u00e9monie officielle organis\u00e9e \u00e0 fin septembre, en pr\u00e9sence de G\u00e9rard Steiger, fils du fondateur historique, du conseiller d\u2019Etat Christophe Darbellay, du conseiller national Philippe Nantermond et Val\u00e9rie Bressoud Gu\u00e9rin, pr\u00e9sidente de Vionnaz.<\/p>\n","protected":false},"author":3,"featured_media":40620,"comment_status":"closed","ping_status":"closed","sticky":false,"template":"","format":"standard","meta":{"_acf_changed":false,"footnotes":""},"categories":[196],"tags":[],"class_list":["post-40618","post","type-post","status-publish","format-standard","has-post-thumbnail","hentry","category-mecanique"],"acf":[],"_links":{"self":[{"href":"https:\/\/theark.ch\/fr\/wp-json\/wp\/v2\/posts\/40618","targetHints":{"allow":["GET"]}}],"collection":[{"href":"https:\/\/theark.ch\/fr\/wp-json\/wp\/v2\/posts"}],"about":[{"href":"https:\/\/theark.ch\/fr\/wp-json\/wp\/v2\/types\/post"}],"author":[{"embeddable":true,"href":"https:\/\/theark.ch\/fr\/wp-json\/wp\/v2\/users\/3"}],"replies":[{"embeddable":true,"href":"https:\/\/theark.ch\/fr\/wp-json\/wp\/v2\/comments?post=40618"}],"version-history":[{"count":5,"href":"https:\/\/theark.ch\/fr\/wp-json\/wp\/v2\/posts\/40618\/revisions"}],"predecessor-version":[{"id":40766,"href":"https:\/\/theark.ch\/fr\/wp-json\/wp\/v2\/posts\/40618\/revisions\/40766"}],"wp:featuredmedia":[{"embeddable":true,"href":"https:\/\/theark.ch\/fr\/wp-json\/wp\/v2\/media\/40620"}],"wp:attachment":[{"href":"https:\/\/theark.ch\/fr\/wp-json\/wp\/v2\/media?parent=40618"}],"wp:term":[{"taxonomy":"category","embeddable":true,"href":"https:\/\/theark.ch\/fr\/wp-json\/wp\/v2\/categories?post=40618"},{"taxonomy":"post_tag","embeddable":true,"href":"https:\/\/theark.ch\/fr\/wp-json\/wp\/v2\/tags?post=40618"}],"curies":[{"name":"wp","href":"https:\/\/api.w.org\/{rel}","templated":true}]}}