{"id":42123,"date":"2021-11-15T15:51:57","date_gmt":"2021-11-15T14:51:57","guid":{"rendered":"http:\/\/theark.ch\/news\/quatre-entreprises-valaisannes-presentent-leurs-technologies-aux-medical-days-dinterlaken\/"},"modified":"2025-04-08T15:34:24","modified_gmt":"2025-04-08T13:34:24","slug":"quatre-entreprises-valaisannes-presentent-leurs-technologies-aux-medical-days-dinterlaken","status":"publish","type":"post","link":"https:\/\/theark.ch\/fr\/news\/quatre-entreprises-valaisannes-presentent-leurs-technologies-aux-medical-days-dinterlaken\/","title":{"rendered":"Quatre entreprises valaisannes pr\u00e9sentent leurs technologies aux Medical Days d&rsquo;Interlaken"},"content":{"rendered":"<p><strong>Cette ann\u00e9e, les Medical Days ont eu lieu \u00e0 Interlaken, \u00e0 la mi-novembre. Ce fut l\u2019occasion de s\u2019attarder sur le th\u00e8me de l&#39;intelligence artificielle. Le programme de l\u2019\u00e9dition 2021 a mis en lumi\u00e8re plusieurs technologies d\u00e9velopp\u00e9es au sein du tissu \u00e9conomique valaisan. Trois entreprises, issues de l&#39;institut de recherche Idiap et soutenues par la Fondation The Ark, ont pr\u00e9sent\u00e9 leurs technologies innovantes. La start-up <a href=\"http:\/\/www.workshop4.ch\" target=\"_blank\" rel=\"noopener\">Workshop 4.0<\/a> \u00e9tait \u00e9galement de la partie, avec des d\u00e9monstrations de ses robots Roboclette et Spot. <\/strong><\/p>\n<p>Pour cette nouvelle \u00e9dition des Medical Days, l&#39;accent a \u00e9t\u00e9 mis sur la reconnaissance vocale, les tests de personnalit\u00e9 et l&#39;optimisation du flux de patients. <a href=\"https:\/\/recapp.ch\/fr\/home-francais\/\" target=\"_blank\" rel=\"noopener\">Recapp IT<\/a>, le principal d\u00e9veloppeur et fournisseur de technologies de reconnaissance vocale, est sp\u00e9cialis\u00e9 dans les langues et dialectes suisses. L\u2019entreprise a d\u00e9montr\u00e9 comment sa technologie peut s\u2019appliquer dans le secteur m\u00e9dical.<\/p>\n<p>Dans un deuxi\u00e8me temps, <a href=\"https:\/\/vima-swiss.com\/\" target=\"_blank\" rel=\"noopener\">Vima<\/a> a pr\u00e9sent\u00e9 sa solution innovante qui combine expertise psychologique et intelligence artificielle pour pr\u00e9dire les traits de personnalit\u00e9 et les capacit\u00e9s d&#39;une personne. Finalement, la soci\u00e9t\u00e9 <a href=\"https:\/\/www.calyps.ch\/en\/\" target=\"_blank\" rel=\"noopener\">Calyps Data Intelligence<\/a> a pr\u00e9sent\u00e9 aux professionnels de la sant\u00e9 son <a href=\"https:\/\/blog.theark.ch\/fr\/detail\/une-solution-d-intelligence-artificielle-pour-soulager-les-urgences--10621\" target=\"_blank\">projet Saniia<\/a>, de mani\u00e8re tr\u00e8s d\u00e9taill\u00e9e. Ce logiciel vise \u00e0 optimiser la coordination au sein d&#39;un h\u00f4pital \u00e0 l&#39;aide de l&#39;intelligence artificielle. Il a d\u2019ores et d\u00e9j\u00e0 fait ses preuves dans l\u2019h\u00f4pital de Valenciennes, en France.<\/p>\n<p><\/p>\n<p><strong>Source<\/strong> : Swiss Medical Network<\/p>\n<p>\u00a0<\/p>\n<p>\u00a0<\/p>\n","protected":false},"excerpt":{"rendered":"<p>Cette ann\u00e9e, les Medical Days ont eu lieu \u00e0 Interlaken, \u00e0 la mi-novembre. Ce fut l\u2019occasion de s\u2019attarder sur le th\u00e8me de l&#39;intelligence artificielle. Le programme de l\u2019\u00e9dition 2021 a mis en lumi\u00e8re plusieurs technologies d\u00e9velopp\u00e9es au sein du tissu \u00e9conomique valaisan. Trois entreprises, issues de l&#39;institut de recherche Idiap et soutenues par la Fondation [&hellip;]<\/p>\n","protected":false},"author":1,"featured_media":42124,"comment_status":"closed","ping_status":"closed","sticky":false,"template":"","format":"standard","meta":{"_acf_changed":false,"footnotes":""},"categories":[186],"tags":[],"class_list":["post-42123","post","type-post","status-publish","format-standard","has-post-thumbnail","hentry","category-digital"],"acf":[],"_links":{"self":[{"href":"https:\/\/theark.ch\/fr\/wp-json\/wp\/v2\/posts\/42123","targetHints":{"allow":["GET"]}}],"collection":[{"href":"https:\/\/theark.ch\/fr\/wp-json\/wp\/v2\/posts"}],"about":[{"href":"https:\/\/theark.ch\/fr\/wp-json\/wp\/v2\/types\/post"}],"author":[{"embeddable":true,"href":"https:\/\/theark.ch\/fr\/wp-json\/wp\/v2\/users\/1"}],"replies":[{"embeddable":true,"href":"https:\/\/theark.ch\/fr\/wp-json\/wp\/v2\/comments?post=42123"}],"version-history":[{"count":1,"href":"https:\/\/theark.ch\/fr\/wp-json\/wp\/v2\/posts\/42123\/revisions"}],"predecessor-version":[{"id":47791,"href":"https:\/\/theark.ch\/fr\/wp-json\/wp\/v2\/posts\/42123\/revisions\/47791"}],"wp:featuredmedia":[{"embeddable":true,"href":"https:\/\/theark.ch\/fr\/wp-json\/wp\/v2\/media\/42124"}],"wp:attachment":[{"href":"https:\/\/theark.ch\/fr\/wp-json\/wp\/v2\/media?parent=42123"}],"wp:term":[{"taxonomy":"category","embeddable":true,"href":"https:\/\/theark.ch\/fr\/wp-json\/wp\/v2\/categories?post=42123"},{"taxonomy":"post_tag","embeddable":true,"href":"https:\/\/theark.ch\/fr\/wp-json\/wp\/v2\/tags?post=42123"}],"curies":[{"name":"wp","href":"https:\/\/api.w.org\/{rel}","templated":true}]}}