{"id":42171,"date":"2021-12-14T12:51:49","date_gmt":"2021-12-14T11:51:49","guid":{"rendered":"http:\/\/theark.ch\/news\/la-plateforme-educative-edidact-est-officiellement-lancee\/"},"modified":"2021-12-14T12:51:49","modified_gmt":"2021-12-14T10:51:49","slug":"la-plateforme-educative-edidact-est-officiellement-lancee","status":"publish","type":"post","link":"https:\/\/theark.ch\/fr\/news\/la-plateforme-educative-edidact-est-officiellement-lancee\/","title":{"rendered":"La plateforme \u00e9ducative Edidact est officiellement lanc\u00e9e\u2009!"},"content":{"rendered":"<p><strong>\u00c7a y est\u2009! Apr\u00e8s plusieurs mois de travail acharn\u00e9 et de tests, la start-up Edidact, accompagn\u00e9e par la Fondation The Ark, vient de lancer officiellement sa plateforme p\u00e9dagogique. Destin\u00e9e aux enfants de 5 \u00e0 12 ans, elle offre des exercices d\u00e9velopp\u00e9s \u00e0 base de gaming et d\u2019intelligence artificielle. La jeune entreprise regorge de projets pour 2022.\u00a0<\/strong><\/p>\n<p>\u00ab\u2009Gr\u00e2ce \u00e0 notre plateforme, les enfants peuvent apprendre tout en s\u2019amusant intelligemment\u2009\u00bb, pr\u00e9cise Karim Trabelsi, co-fondateur d\u2019<a href=\"https:\/\/edidact.ch\/\" target=\"_blank\" rel=\"noopener\">Edidact<\/a>. La plateforme est actuellement compos\u00e9e de milliers d&#39;activit\u00e9s ludiques, qui offrent aux enfants l\u2019opportunit\u00e9 d\u2019apprendre l\u2019ensemble des mati\u00e8res enseign\u00e9es \u00e0 l&#39;\u00e9cole primaire d\u2019une fa\u00e7on compl\u00e8tement innovante.<\/p>\n<p>\u00ab\u2009Contrairement aux fiches PDF et cahiers usuellement utilis\u00e9s, nos exercices sont ludiques et intelligents\u2009\u00bb. En cas d\u2019erreur ou incompr\u00e9hension face \u00e0 une fiche classique, l\u2019enfant n\u2019a aucun moyen de pallier seul son probl\u00e8me. \u00ab\u2009Avec Edidact, des aides audiovisuelles et une vid\u00e9o p\u00e9dagogique sont int\u00e9gr\u00e9es \u00e0 chaque exercice afin de lui expliquer le concept. Elle offre \u00e0 l\u2019enfant un r\u00e9el soutien p\u00e9dagogique et du feed-back instantan\u00e9\u2009\u00bb, souligne Karim Trabelsi. Le tout permet de proposer une fa\u00e7on diff\u00e9rente d\u2019apprendre, plus ludique et plus dynamique.<\/p>\n<p>\u00a0<\/p>\n<p><strong>De nouvelles comp\u00e9tences incontournables<\/strong><\/p>\n<p>En 2022, Edidact continuera de cr\u00e9er des activit\u00e9s pour toutes les mati\u00e8res enseign\u00e9es \u00e0 l\u2019\u00e9cole, mais pas seulement. \u00ab\u2009Cela fait des dizaines d\u2019ann\u00e9es que l\u2019\u00e9cole nous enseigne les m\u00eames contenus dans une soci\u00e9t\u00e9 qui \u00e9volue bien plus vite que les programmes scolaires. Les connaissances scolaires classiques sont essentielles et gardons-les, mais nous devons \u00e9galement offrir l\u2019opportunit\u00e9 de d\u00e9velopper de nouvelles comp\u00e9tences d\u00e9j\u00e0 incontournables\u2009\u00bb, explique Karim Trabelsi.\u00a0<\/p>\n<p>C\u2019est dans cet esprit qu\u2019Edidact int\u00e9grera de nouvelles mati\u00e8res telles que \u00ab\u2009DigiCode\u2009\u00bb, qui offrira aux enfants une initiation au coding et au gaming ou la mati\u00e8re \u00ab\u2009cr\u00e9ativit\u00e9\u2009\u00bb qui leur permettra de mobiliser leur cr\u00e9ativit\u00e9 pour r\u00e9soudre des probl\u00e8mes ou cr\u00e9er des projets. \u00ab\u2009Certains contenus seront d\u00e9velopp\u00e9s en collaboration avec la HEP du Valais et un groupe d\u2019enseignants men\u00e9s par la professeure Amalia Terzidis\u2009\u00bb.<\/p>\n<p>\u00a0<\/p>\n<p><strong>Contenus personnalis\u00e9s pour chaque enfant<\/strong><\/p>\n<p>Edidact SA et le laboratoire AiSLAB de la HES-SO d\u00e9veloppent depuis 2021 un syst\u00e8me bas\u00e9 sur l\u2019intelligence artificielle qui s\u2019attaque \u00e0 un d\u00e9fi p\u00e9dagogique majeure\u2009: la diff\u00e9renciation p\u00e9dagogique. \u00ab\u2009Chaque enfant est unique, avec un rythme et une fa\u00e7on d\u2019apprendre qui lui sont propres. Edidact doit devenir encore plus intelligente et adapter la suite de son parcours d\u2019apprentissage en fonction de son \u00e9volution\u2009\u00bb.<\/p>\n<p>Ainsi, d\u00e8s 2022, les enfants, parents et enseignants pourront suivre les progressions r\u00e9alis\u00e9es en temps r\u00e9el. Sur la base de cette progression, Edidact sugg\u00e9rera la suite des exercices ludiques \u00e0 r\u00e9aliser. \u00ab\u2009Bien s\u00fbr, l\u2019enfant, ses parents et enseignants auront toujours la priorit\u00e9 de lui faire r\u00e9aliser d\u2019autres exercices\u2009\u00bb, conclut Karim Trabelsi.<\/p>\n<p><\/p>\n<p><strong>Informations compl\u00e9mentaires <\/strong>sur <a href=\"https:\/\/edidact.ch\/\" target=\"_blank\" rel=\"noopener\">www.edidact.ch<\/a>\u00a0<\/p>\n<p><\/p>\n<p>\u00a0<\/p>\n","protected":false},"excerpt":{"rendered":"<p>\u00c7a y est\u2009! Apr\u00e8s plusieurs mois de travail acharn\u00e9 et de tests, la start-up Edidact, accompagn\u00e9e par la Fondation The Ark, vient de lancer officiellement sa plateforme p\u00e9dagogique. Destin\u00e9e aux enfants de 5 \u00e0 12 ans, elle offre des exercices d\u00e9velopp\u00e9s \u00e0 base de gaming et d\u2019intelligence artificielle. La jeune entreprise regorge de projets pour [&hellip;]<\/p>\n","protected":false},"author":1,"featured_media":42172,"comment_status":"closed","ping_status":"closed","sticky":false,"template":"","format":"standard","meta":{"_acf_changed":false,"footnotes":""},"categories":[186],"tags":[],"class_list":["post-42171","post","type-post","status-publish","format-standard","has-post-thumbnail","hentry","category-digital"],"acf":[],"_links":{"self":[{"href":"https:\/\/theark.ch\/fr\/wp-json\/wp\/v2\/posts\/42171","targetHints":{"allow":["GET"]}}],"collection":[{"href":"https:\/\/theark.ch\/fr\/wp-json\/wp\/v2\/posts"}],"about":[{"href":"https:\/\/theark.ch\/fr\/wp-json\/wp\/v2\/types\/post"}],"author":[{"embeddable":true,"href":"https:\/\/theark.ch\/fr\/wp-json\/wp\/v2\/users\/1"}],"replies":[{"embeddable":true,"href":"https:\/\/theark.ch\/fr\/wp-json\/wp\/v2\/comments?post=42171"}],"version-history":[{"count":0,"href":"https:\/\/theark.ch\/fr\/wp-json\/wp\/v2\/posts\/42171\/revisions"}],"wp:featuredmedia":[{"embeddable":true,"href":"https:\/\/theark.ch\/fr\/wp-json\/wp\/v2\/media\/42172"}],"wp:attachment":[{"href":"https:\/\/theark.ch\/fr\/wp-json\/wp\/v2\/media?parent=42171"}],"wp:term":[{"taxonomy":"category","embeddable":true,"href":"https:\/\/theark.ch\/fr\/wp-json\/wp\/v2\/categories?post=42171"},{"taxonomy":"post_tag","embeddable":true,"href":"https:\/\/theark.ch\/fr\/wp-json\/wp\/v2\/tags?post=42171"}],"curies":[{"name":"wp","href":"https:\/\/api.w.org\/{rel}","templated":true}]}}