{"id":42245,"date":"2022-02-07T15:27:41","date_gmt":"2022-02-07T14:27:41","guid":{"rendered":"http:\/\/theark.ch\/news\/la-pme-valaisanne-sai-erp-change-de-mains\/"},"modified":"2022-02-07T15:27:41","modified_gmt":"2022-02-07T13:27:41","slug":"la-pme-valaisanne-sai-erp-change-de-mains","status":"publish","type":"post","link":"https:\/\/theark.ch\/fr\/news\/la-pme-valaisanne-sai-erp-change-de-mains\/","title":{"rendered":"La PME valaisanne SAI ERP change de mains"},"content":{"rendered":"<p style=\"text-align: justify;\"><strong>La PME SAI ERP, active dans le domaine de l\u2019informatique de gestion et bas\u00e9e \u00e0 Martigny, change de propri\u00e9taire. Apr\u00e8s quatre d\u00e9cennies d\u2019activit\u00e9s, Marc Sahy quitte toutes ses fonctions en tant que CEO, administrateur et actionnaire majoritaire. Il c\u00e8de ses parts ses trois associ\u00e9s C\u00e9dric Tabin, R\u00e9mi Bloch et Didier Waldmeyer. Le fils de Marc Sahy, Fran\u00e7ois, co-fondateur de SAI ERP, conserve quelques parts de la soci\u00e9t\u00e9 et reste consultant. L\u2019avenir de cette entreprise est donc assur\u00e9, gr\u00e2ce \u00e0 cette transition en douceur.\u00a0<\/strong><\/p>\n<p style=\"text-align: justify;\">Ces deux prochaines ann\u00e9es, Marc Sahy continuera \u00e0 \u0153uvrer pour la soci\u00e9t\u00e9, afin de finaliser la transmission de son savoir-faire, annonce <a href=\"https:\/\/sai-erp.net\/accueil\/\" target=\"_blank\" rel=\"noopener\">SAI ERP<\/a> dans un communiqu\u00e9. Cette entreprise accompagne chaque jour des milliers d\u2019utilisateurs dans les sp\u00e9cificit\u00e9s de leur m\u00e9tier, dans la gestion financi\u00e8re et les ressources humaines. Sa solution ERP est notamment appliqu\u00e9e dans les domaines du social (institutions qui s\u2019occupent de personnes en situation de handicap et en r\u00e9insertion professionnelle), de la petite enfance (pr\u00e9scolaire, parascolaire et accueil familial de jour) e de l\u2019immobilier (r\u00e9gie immobili\u00e8re et suivi de construction).<\/p>\n<p style=\"text-align: justify;\">\u00a0<\/p>\n<p style=\"text-align: justify;\"><strong>Consolidation des parts de march\u00e9<\/strong><\/p>\n<p style=\"text-align: justify;\">Au niveau organisationnel, Didier Waldmeyer succ\u00e8de \u00e0 Marc Sahy en tant que directeur g\u00e9n\u00e9ral. Il a rejoint la soci\u00e9t\u00e9 en 2019 apr\u00e8s avoir vendu son entreprise sp\u00e9cialis\u00e9e dans les nouvelles technologies de la repr\u00e9sentation visuelle. Les deux autres associ\u00e9s, C\u00e9dric Tabin et R\u00e9mi Bloch, travaillent au sein de SAI ERP depuis pr\u00e8s de 10 ans. Ils sont respectivement Chief Technical Officer et Chief Product Owner. Avec leur \u00e9quipe, ils sont les gardiens du logiciel. Ils maintiennent et font \u00e9voluer technologiquement la solution, consolident et apportent de nouvelles fonctionnalit\u00e9s \u00e0 chaque produit.<\/p>\n<p style=\"text-align: justify;\">Les objectifs pour SAI ERP sont simples\u2009: continuer \u00e0 r\u00e9pondre aux besoins des clients en \u00e9tant \u00e0 leur \u00e9coute et augmenter le niveau de comp\u00e9tence des utilisateurs \u00e0 travers des cycles de formation. D\u2019un point de vue commercial, il s\u2019agira de consolider les parts de march\u00e9 sur le secteur de la petite enfance, r\u00e9pondre aux appels d\u2019offres \u00e9tatiques dans le domaine de l\u2019action sociale et d\u00e9buter la commercialisation du produit \u00ab\u2009R\u00e9gie immobili\u00e8re\u2009\u00bb.<\/p>\n<p>\u00a0<\/p>\n<p><strong>Informations compl\u00e9mentaires sur l\u2019entreprise\u2009: <\/strong><a href=\"https:\/\/sai-erp.net\/accueil\/\" target=\"_blank\" rel=\"noopener\">www.sai-erp.net<\/a><\/p>\n<p><strong>Source et cr\u00e9dit photo\u2009:<\/strong> SAI ERP<\/p>\n<p>\u00a0<\/p>\n","protected":false},"excerpt":{"rendered":"<p>La PME SAI ERP, active dans le domaine de l\u2019informatique de gestion et bas\u00e9e \u00e0 Martigny, change de propri\u00e9taire. Apr\u00e8s quatre d\u00e9cennies d\u2019activit\u00e9s, Marc Sahy quitte toutes ses fonctions en tant que CEO, administrateur et actionnaire majoritaire. Il c\u00e8de ses parts ses trois associ\u00e9s C\u00e9dric Tabin, R\u00e9mi Bloch et Didier Waldmeyer. Le fils de Marc [&hellip;]<\/p>\n","protected":false},"author":1,"featured_media":42246,"comment_status":"closed","ping_status":"closed","sticky":false,"template":"","format":"standard","meta":{"_acf_changed":false,"footnotes":""},"categories":[186],"tags":[],"class_list":["post-42245","post","type-post","status-publish","format-standard","has-post-thumbnail","hentry","category-digital"],"acf":[],"_links":{"self":[{"href":"https:\/\/theark.ch\/fr\/wp-json\/wp\/v2\/posts\/42245","targetHints":{"allow":["GET"]}}],"collection":[{"href":"https:\/\/theark.ch\/fr\/wp-json\/wp\/v2\/posts"}],"about":[{"href":"https:\/\/theark.ch\/fr\/wp-json\/wp\/v2\/types\/post"}],"author":[{"embeddable":true,"href":"https:\/\/theark.ch\/fr\/wp-json\/wp\/v2\/users\/1"}],"replies":[{"embeddable":true,"href":"https:\/\/theark.ch\/fr\/wp-json\/wp\/v2\/comments?post=42245"}],"version-history":[{"count":0,"href":"https:\/\/theark.ch\/fr\/wp-json\/wp\/v2\/posts\/42245\/revisions"}],"wp:featuredmedia":[{"embeddable":true,"href":"https:\/\/theark.ch\/fr\/wp-json\/wp\/v2\/media\/42246"}],"wp:attachment":[{"href":"https:\/\/theark.ch\/fr\/wp-json\/wp\/v2\/media?parent=42245"}],"wp:term":[{"taxonomy":"category","embeddable":true,"href":"https:\/\/theark.ch\/fr\/wp-json\/wp\/v2\/categories?post=42245"},{"taxonomy":"post_tag","embeddable":true,"href":"https:\/\/theark.ch\/fr\/wp-json\/wp\/v2\/tags?post=42245"}],"curies":[{"name":"wp","href":"https:\/\/api.w.org\/{rel}","templated":true}]}}