{"id":42279,"date":"2022-02-14T12:36:13","date_gmt":"2022-02-14T11:36:13","guid":{"rendered":"http:\/\/theark.ch\/news\/the-sense-le-nouveau-centre-transcantonal-dinnovation-et-de-recherche-en-neurosciences\/"},"modified":"2022-02-14T12:36:13","modified_gmt":"2022-02-14T10:36:13","slug":"the-sense-le-nouveau-centre-transcantonal-dinnovation-et-de-recherche-en-neurosciences","status":"publish","type":"post","link":"https:\/\/theark.ch\/fr\/news\/the-sense-le-nouveau-centre-transcantonal-dinnovation-et-de-recherche-en-neurosciences\/","title":{"rendered":"The Sense\u00a0: le nouveau centre transcantonal d\u2019innovation et de recherche en neurosciences"},"content":{"rendered":"<p><strong>Conjointement mis sur pied par la HES-SO Valais-Wallis, l&#39;Universit\u00e9 de Lausanne (UNIL) et le Centre hospitalier universitaire vaudois (CHUV), le nouveau centre d&#39;innovation et de recherche, nomm\u00e9 The Sense, regroupe les activit\u00e9s de recherche appliqu\u00e9e, fondamentale et clinique des trois institutions, et a pour objectif de d\u00e9velopper et promouvoir l&#39;\u00e9tude des sciences sensorielles.<\/strong><\/p>\n<p>V\u00e9ritable plateforme de collaboration intercantonale et interdisciplinaire autour des neurosciences, le nouveau centre d\u2019innovation et de recherche, The Sense, r\u00e9pond \u00e0 une volont\u00e9 commune pour la cr\u00e9ation et la diffusion des connaissances sur les sens, la cognition et le comportement humain. Comme le souligne le Prof. Olivier Lorentz, Professeur au sein de la HES-SO Valais-Wallis et directeur ex\u00e9cutif du centre : \u00ab Nous \u00e9tudions les m\u00eames domaines, mais avec une perspective diff\u00e9rente. Il \u00e9tait \u00e0 la fois logique et pertinent d&#39;unir nos forces. \u00bb.<\/p>\n<p>\u00a0<\/p>\n<p style=\"margin:0cm 0cm 8pt\"><strong>Renforcer les collaborations autour des sciences sensorielles<\/strong><\/p>\n<p>La synergie entre les diff\u00e9rentes institutions fondatrices ainsi que les diff\u00e9rents domaines de recherche d\u00e9velopp\u00e9s permettront d\u2019am\u00e9liorer les connaissances et d\u2019apporter de nouvelles innovations li\u00e9es aux sciences sensorielles.<\/p>\n<p>L\u2019\u00e9tude sensorielle occupe une place essentielle dans notre compr\u00e9hension du monde comme le r\u00e9sume le Prof. Micah Murray, Professeur au sein de CHUV\/UNIL et directeur scientifique et acad\u00e9mique du Sense. Les recherches se basent sur trois axes principaux : Perception &#038; Cognition, Action &#038; R\u00e9paration, Dispositifs &#038; Data. Au sein de ces axes, une vingtaine de chercheur-euse-s et leurs \u00e9quipes travaillent en \u00e9troite collaboration.<\/p>\n<p><strong>Plus d\u2019informations<\/strong> sur : <a href=\"http:\/\/www.the-sense.ch\" target=\"_blank\" rel=\"noopener\">www.the-sense.ch<\/a><\/p>\n<p>\u00a0<\/p>\n","protected":false},"excerpt":{"rendered":"<p>Conjointement mis sur pied par la HES-SO Valais-Wallis, l&#39;Universit\u00e9 de Lausanne (UNIL) et le Centre hospitalier universitaire vaudois (CHUV), le nouveau centre d&#39;innovation et de recherche, nomm\u00e9 The Sense, regroupe les activit\u00e9s de recherche appliqu\u00e9e, fondamentale et clinique des trois institutions, et a pour objectif de d\u00e9velopper et promouvoir l&#39;\u00e9tude des sciences sensorielles. V\u00e9ritable plateforme [&hellip;]<\/p>\n","protected":false},"author":1,"featured_media":42280,"comment_status":"closed","ping_status":"closed","sticky":false,"template":"","format":"standard","meta":{"_acf_changed":false,"footnotes":""},"categories":[186],"tags":[],"class_list":["post-42279","post","type-post","status-publish","format-standard","has-post-thumbnail","hentry","category-digital"],"acf":[],"_links":{"self":[{"href":"https:\/\/theark.ch\/fr\/wp-json\/wp\/v2\/posts\/42279","targetHints":{"allow":["GET"]}}],"collection":[{"href":"https:\/\/theark.ch\/fr\/wp-json\/wp\/v2\/posts"}],"about":[{"href":"https:\/\/theark.ch\/fr\/wp-json\/wp\/v2\/types\/post"}],"author":[{"embeddable":true,"href":"https:\/\/theark.ch\/fr\/wp-json\/wp\/v2\/users\/1"}],"replies":[{"embeddable":true,"href":"https:\/\/theark.ch\/fr\/wp-json\/wp\/v2\/comments?post=42279"}],"version-history":[{"count":0,"href":"https:\/\/theark.ch\/fr\/wp-json\/wp\/v2\/posts\/42279\/revisions"}],"wp:featuredmedia":[{"embeddable":true,"href":"https:\/\/theark.ch\/fr\/wp-json\/wp\/v2\/media\/42280"}],"wp:attachment":[{"href":"https:\/\/theark.ch\/fr\/wp-json\/wp\/v2\/media?parent=42279"}],"wp:term":[{"taxonomy":"category","embeddable":true,"href":"https:\/\/theark.ch\/fr\/wp-json\/wp\/v2\/categories?post=42279"},{"taxonomy":"post_tag","embeddable":true,"href":"https:\/\/theark.ch\/fr\/wp-json\/wp\/v2\/tags?post=42279"}],"curies":[{"name":"wp","href":"https:\/\/api.w.org\/{rel}","templated":true}]}}