{"id":42295,"date":"2022-02-21T11:32:38","date_gmt":"2022-02-21T10:32:38","guid":{"rendered":"http:\/\/theark.ch\/news\/nombre-record-de-fusions-et-acquisitions-dans-les-pme-suisses-en-2021\/"},"modified":"2022-02-21T11:32:38","modified_gmt":"2022-02-21T09:32:38","slug":"nombre-record-de-fusions-et-acquisitions-dans-les-pme-suisses-en-2021","status":"publish","type":"post","link":"https:\/\/theark.ch\/fr\/news\/nombre-record-de-fusions-et-acquisitions-dans-les-pme-suisses-en-2021\/","title":{"rendered":"Nombre record de fusions et acquisitions dans les PME suisses en 2021"},"content":{"rendered":"<p><strong>En 2020, l\u2019activit\u00e9 de fusion et acquisition de soci\u00e9t\u00e9s a \u00e9t\u00e9 frein\u00e9e par la pand\u00e9mie du covid-19. En revanche, durant l\u2019ann\u00e9e 2021, le march\u00e9 mondial a connu un net rebond de l\u2019activit\u00e9 et a atteint des niveaux record y compris en Suisse. Une \u00e9tude du cabinet Deloitte souligne que les fusions et acquisitions au niveau mondial ont atteint un sommet historique, d\u00e9passant pour la premi\u00e8re fois la barre des 5\u2019000 milliards de dollars. Le march\u00e9 suisse a connu le m\u00eame sc\u00e9nario, avec une hausse sensible du nombre de transactions (+25% par rapport \u00e0 2020) impliquant les PME suisses \u00e0 titre d\u2019acheteuses ou cibles.<\/strong><\/p>\n<p>Cette tendance \u00e0 la hausse se refl\u00e8te dans la derni\u00e8re enqu\u00eate de <a href=\"https:\/\/www2.deloitte.com\/ch\/fr.html\" target=\"_blank\" rel=\"noopener\">Deloitte<\/a> men\u00e9e aupr\u00e8s des directeurs financiers, publi\u00e9e en automne 2021. On y apprend que les responsables financiers suisses estiment que la reprise \u00e9conomique du pays est sur la bonne voie : en effet, 83% d\u2019entre eux jugent positives les perspectives \u00e9conomiques g\u00e9n\u00e9rales pour les douze prochains mois.\u00a0<\/p>\n<p>Les attentes concernant la plupart des indicateurs d\u2019entreprise se sont \u00e9galement am\u00e9lior\u00e9es, 69% des responsables financiers jugeant positives les perspectives financi\u00e8res de leur propre entreprise pour les douze prochains mois. 60% d\u2019entre eux ont d\u00e9clar\u00e9 que les chiffres d\u2019affaires avaient au moins renou\u00e9 avec les niveaux d\u2019avant la crise et 72% tablent sur une hausse des ventes au cours des douze prochains mois, en pr\u00e9voyant toutefois une baisse des marges d\u2019exploitation.<\/p>\n<p>\u00a0<\/p>\n<p><strong>Une activit\u00e9 soutenue perdure en 2022<\/strong><\/p>\n<p>Les PME suisses sont tr\u00e8s convoit\u00e9es \u00e0 la fois par les investisseurs locaux et par les investisseurs internationaux. En 2021, le volume des transactions a enregistr\u00e9 une hausse de 23% par rapport \u00e0 2020 pour s\u2019\u00e9tablir \u00e0 un niveau historique de 173 acquisitions.<\/p>\n<p>Les niveaux record de l\u2019activit\u00e9 2021 et de la confiance des entreprises suisses \u2013 compte-tenu du contexte de la pand\u00e9mie \u2013 sont autant de signaux encourageants pour les perspectives \u00e9conomiques et la vigueur actuelle du march\u00e9 des fusions et acquisitions. La reprise devrait s\u2019acc\u00e9l\u00e9rer en 2022. Deloitte pr\u00e9voit d\u2019ailleurs une activit\u00e9 soutenue cette ann\u00e9e.\u00a0<\/p>\n<p><a href=\"https:\/\/www2.deloitte.com\/content\/dam\/Deloitte\/ch\/Documents\/mergers-acqisitions\/deloitte-ch-fr-midcap-2022.pdf\" target=\"_blank\" rel=\"noopener\">T\u00e9l\u00e9chargez le rapport complet ici (pdf)<\/a><\/p>\n<p><\/p>\n<p><strong>Source<\/strong> : Deloitte<\/p>\n<p>\u00a0<\/p>\n<p>\u00a0<\/p>\n","protected":false},"excerpt":{"rendered":"<p>En 2020, l\u2019activit\u00e9 de fusion et acquisition de soci\u00e9t\u00e9s a \u00e9t\u00e9 frein\u00e9e par la pand\u00e9mie du covid-19. En revanche, durant l\u2019ann\u00e9e 2021, le march\u00e9 mondial a connu un net rebond de l\u2019activit\u00e9 et a atteint des niveaux record y compris en Suisse. Une \u00e9tude du cabinet Deloitte souligne que les fusions et acquisitions au niveau [&hellip;]<\/p>\n","protected":false},"author":1,"featured_media":42296,"comment_status":"closed","ping_status":"closed","sticky":false,"template":"","format":"standard","meta":{"_acf_changed":false,"footnotes":""},"categories":[186],"tags":[],"class_list":["post-42295","post","type-post","status-publish","format-standard","has-post-thumbnail","hentry","category-digital"],"acf":[],"_links":{"self":[{"href":"https:\/\/theark.ch\/fr\/wp-json\/wp\/v2\/posts\/42295","targetHints":{"allow":["GET"]}}],"collection":[{"href":"https:\/\/theark.ch\/fr\/wp-json\/wp\/v2\/posts"}],"about":[{"href":"https:\/\/theark.ch\/fr\/wp-json\/wp\/v2\/types\/post"}],"author":[{"embeddable":true,"href":"https:\/\/theark.ch\/fr\/wp-json\/wp\/v2\/users\/1"}],"replies":[{"embeddable":true,"href":"https:\/\/theark.ch\/fr\/wp-json\/wp\/v2\/comments?post=42295"}],"version-history":[{"count":0,"href":"https:\/\/theark.ch\/fr\/wp-json\/wp\/v2\/posts\/42295\/revisions"}],"wp:featuredmedia":[{"embeddable":true,"href":"https:\/\/theark.ch\/fr\/wp-json\/wp\/v2\/media\/42296"}],"wp:attachment":[{"href":"https:\/\/theark.ch\/fr\/wp-json\/wp\/v2\/media?parent=42295"}],"wp:term":[{"taxonomy":"category","embeddable":true,"href":"https:\/\/theark.ch\/fr\/wp-json\/wp\/v2\/categories?post=42295"},{"taxonomy":"post_tag","embeddable":true,"href":"https:\/\/theark.ch\/fr\/wp-json\/wp\/v2\/tags?post=42295"}],"curies":[{"name":"wp","href":"https:\/\/api.w.org\/{rel}","templated":true}]}}