{"id":42321,"date":"2022-02-24T07:27:35","date_gmt":"2022-02-24T06:27:35","guid":{"rendered":"http:\/\/theark.ch\/news\/augmentation-du-nombre-dentreprises-creees-en-suisse-et-en-valais\/"},"modified":"2022-02-24T07:27:35","modified_gmt":"2022-02-24T05:27:35","slug":"augmentation-du-nombre-dentreprises-creees-en-suisse-et-en-valais","status":"publish","type":"post","link":"https:\/\/theark.ch\/fr\/news\/augmentation-du-nombre-dentreprises-creees-en-suisse-et-en-valais\/","title":{"rendered":"Augmentation du nombre d\u2019entreprises cr\u00e9\u00e9es en Suisse&#8230; et en Valais\u2009!"},"content":{"rendered":"<p><strong>L\u2019an dernier, le nombre net d\u2019entreprises cr\u00e9\u00e9es en Suisse a augment\u00e9 de 3,4 % par rapport \u00e0 2020. Les cantons de Schwyz et de Zoug ont enregistr\u00e9 la plus forte croissance. Avec une augmentation nette de 3,5 %, le Valais se classe 9e canton suisse. C\u2019est ce qui ressort d\u2019une enqu\u00eate de <a href=\"https:\/\/www.crif.ch\/fr\/\" target=\"_blank\" rel=\"noopener\">CRIF SA<\/a> publi\u00e9e en f\u00e9vrier 2022.\u00a0<\/strong><\/p>\n<p>\u00a0<\/p>\n<p>La croissance nette est calcul\u00e9e en additionnant les nouvelles cr\u00e9ations de l\u2019ann\u00e9e en cours et en retirant les radiations. Ce sont donc les cantons de Schwyz et de Zoug qui ont affich\u00e9 la plus forte croissance nette (4,7 %), suivis des cantons de Thurgovie \u00e0 4,5 % et de Soleure \u00e0 4,0 %. Le canton d\u2019Appenzell Rhodes-Int\u00e9rieures affiche, quant \u00e0 lui, une croissance n\u00e9gative de -0,4 %.\u00a0<\/p>\n<p>Le Valais a enregistr\u00e9 pour sa part 2314 nouvelles cr\u00e9ations d\u2019entreprise en 2021, contre 2081 en 2020. Cela repr\u00e9sente une hausse brute de 11,4 %. Cette progression est bien plus \u00e9lev\u00e9e que la moyenne nationale (7,9 %) et parmi les meilleures du pays. C\u2019est le canton de Schaffhouse qui a enregistr\u00e9 le plus fort taux de croissance de cr\u00e9ations d\u2019entreprises, en hausse de 27,4 % par rapport \u00e0 2020. Dans un m\u00eame temps, le nombre de radiations d\u2019entreprises est en hausse de 3,7 % en Valais par rapport \u00e0 2020, alors qu\u2019il diminue de 9,8 % dans l\u2019ensemble de la Suisse.<\/p>\n<p>\u00a0<\/p>\n<p><\/p>\n<p><strong>Le commerce de d\u00e9tail en t\u00eate<\/strong><\/p>\n<p>L\u2019analyse des diff\u00e9rentes branches r\u00e9v\u00e8le que le plus grand nombre de cr\u00e9ations d\u2019entreprises est enregistr\u00e9 par le commerce de d\u00e9tail (4313), suivi par le conseil de gestion (3697) et le secteur de la construction (3492). Par rapport \u00e0 l\u2019ann\u00e9e pr\u00e9c\u00e9dente, le secteur financier affiche une progression des cr\u00e9ations d\u2019entreprises de 18 %. En revanche, les cr\u00e9ations d\u2019entreprises ont recul\u00e9 de 7,2 % dans le commerce de gros par rapport \u00e0 2020.<\/p>\n<p>Pour r\u00e9aliser son enqu\u00eate, CRIF SA a compil\u00e9 toutes les nouvelles entreprises inscrites au registre du commerce ainsi que toutes celles qui en ont \u00e9t\u00e9 radi\u00e9es entre le 1er janvier et le 31 d\u00e9cembre 2021. Une radiation a, par exemple, lieu en cas de liquidation d\u2019office, de suspension de la proc\u00e9dure de faillite, \u00e0 la fin du d\u00e9lai de recouvrement des liquidit\u00e9s, en cas de fusion ou de cessation des activit\u00e9s pour cause d\u2019absence de successeur.<\/p>\n<p>\u00a0<\/p>\n<p><strong>Source<\/strong>\u2009: Communiqu\u00e9 CRIF SA<\/p>\n<p>\u00a0<\/p>\n<p>\u00a0<\/p>\n","protected":false},"excerpt":{"rendered":"<p>L\u2019an dernier, le nombre net d\u2019entreprises cr\u00e9\u00e9es en Suisse a augment\u00e9 de 3,4 % par rapport \u00e0 2020. Les cantons de Schwyz et de Zoug ont enregistr\u00e9 la plus forte croissance. Avec une augmentation nette de 3,5 %, le Valais se classe 9e canton suisse. C\u2019est ce qui ressort d\u2019une enqu\u00eate de CRIF SA publi\u00e9e [&hellip;]<\/p>\n","protected":false},"author":1,"featured_media":42322,"comment_status":"closed","ping_status":"closed","sticky":false,"template":"","format":"standard","meta":{"_acf_changed":false,"footnotes":""},"categories":[186],"tags":[],"class_list":["post-42321","post","type-post","status-publish","format-standard","has-post-thumbnail","hentry","category-digital"],"acf":[],"_links":{"self":[{"href":"https:\/\/theark.ch\/fr\/wp-json\/wp\/v2\/posts\/42321","targetHints":{"allow":["GET"]}}],"collection":[{"href":"https:\/\/theark.ch\/fr\/wp-json\/wp\/v2\/posts"}],"about":[{"href":"https:\/\/theark.ch\/fr\/wp-json\/wp\/v2\/types\/post"}],"author":[{"embeddable":true,"href":"https:\/\/theark.ch\/fr\/wp-json\/wp\/v2\/users\/1"}],"replies":[{"embeddable":true,"href":"https:\/\/theark.ch\/fr\/wp-json\/wp\/v2\/comments?post=42321"}],"version-history":[{"count":0,"href":"https:\/\/theark.ch\/fr\/wp-json\/wp\/v2\/posts\/42321\/revisions"}],"wp:featuredmedia":[{"embeddable":true,"href":"https:\/\/theark.ch\/fr\/wp-json\/wp\/v2\/media\/42322"}],"wp:attachment":[{"href":"https:\/\/theark.ch\/fr\/wp-json\/wp\/v2\/media?parent=42321"}],"wp:term":[{"taxonomy":"category","embeddable":true,"href":"https:\/\/theark.ch\/fr\/wp-json\/wp\/v2\/categories?post=42321"},{"taxonomy":"post_tag","embeddable":true,"href":"https:\/\/theark.ch\/fr\/wp-json\/wp\/v2\/tags?post=42321"}],"curies":[{"name":"wp","href":"https:\/\/api.w.org\/{rel}","templated":true}]}}