{"id":42491,"date":"2022-05-09T15:32:01","date_gmt":"2022-05-09T13:32:01","guid":{"rendered":"http:\/\/theark.ch\/news\/de-votre-idee-de-depart-a-la-naissance-de-votre-entreprise-suivez-le-guide\/"},"modified":"2022-05-09T15:32:01","modified_gmt":"2022-05-09T13:32:01","slug":"de-votre-idee-de-depart-a-la-naissance-de-votre-entreprise-suivez-le-guide","status":"publish","type":"post","link":"https:\/\/theark.ch\/fr\/news\/de-votre-idee-de-depart-a-la-naissance-de-votre-entreprise-suivez-le-guide\/","title":{"rendered":"De votre id\u00e9e de d\u00e9part \u00e0 la naissance de votre entreprise : suivez le guide !"},"content":{"rendered":"<p><strong>Toute cr\u00e9ation d\u2019entreprise d\u00e9bute n\u00e9cessairement par l\u2019\u00e9closion d\u2019une id\u00e9e. A contrario, chaque id\u00e9e ne donne pas forc\u00e9ment naissance \u00e0 une entreprise. Les premi\u00e8res \u00e9tapes de validation d\u2019un concept d\u2019entreprise rev\u00eatent une importance primordiale, essentielles pour ancrer le projet dans son environnement et la dur\u00e9e. D\u00e9couvrez ces \u00e9tapes cl\u00e9s pour bien d\u00e9marrer dans l\u2019aventure de l\u2019entrepreneuriat, d\u00e9taill\u00e9es dans le <a href=\"http:\/\/theark.ch\/page\/guide-pour-entrepreneur-en-suisse-1682\" target=\"_blank\">guide de l\u2019entrepreneur de la Fondation The Ark<\/a>.<\/strong><\/p>\n<p>Toute personne qui souhaite cr\u00e9er son entreprise d\u00e9bute par une phase de validation de l\u2019id\u00e9e de base. Il s\u2019agit de passer un certain temps sur le concept, afin de valider le projet avant de s\u2019engager personnellement et financi\u00e8rement dans la cr\u00e9ation d\u2019une jeune pousse. En Valais, l\u2019<a href=\"http:\/\/theark.ch\/page\/le-partenaire-privilegie-des-createurs-d-entreprise-1692\" target=\"_blank\">Incubateur de start-up<\/a> propos\u00e9 par la <a href=\"http:\/\/theark.ch\/\" target=\"_blank\">Fondation The Ark<\/a> coache les entrepreneurs en herbe durant cette r\u00e9flexion. Cette \u00e9tape effectu\u00e9e, les porteurs de projet doivent analyser finement leur march\u00e9. Deux questions essentielles guident leurs observations :<\/p>\n<ul>\n<li>Le produit ou service imagin\u00e9 r\u00e9pond-t-il \u00e0 un v\u00e9ritable besoin ?<\/li>\n<li>Existe-t-il un march\u00e9, une demande suffisante pour en faire un business ?<\/li>\n<\/ul>\n<p>Cette phase de pr\u00e9-\u00e9tude de march\u00e9 peut \u00eatre grandement facilit\u00e9e et acc\u00e9l\u00e9r\u00e9e en faisant appel \u00e0 un soutien ext\u00e9rieur, ax\u00e9 sur la veille des march\u00e9s et de r\u00e9seaux d\u2019informations.<\/p>\n<p>\u00a0<\/p>\n<p><strong>Une id\u00e9e \u00e0 valeur ajout\u00e9e qui r\u00e9pond aux besoins des consommateurs<\/strong><\/p>\n<p>Avant toute chose, le produit ou service qu\u2019une start-up souhaite d\u00e9velopper doit r\u00e9pondre \u00e0 un besoin sp\u00e9cifique du march\u00e9 et apporter une r\u00e9elle plus-value aux consommateurs. Tr\u00e8s souvent, la phase d\u2019analyse de la valeur ajout\u00e9e du produit am\u00e8ne de nombreux porteurs de projet \u00e0 red\u00e9finir leur id\u00e9e initiale et adapter leur offre. En outre, l\u2019offre commerciale peut se r\u00e9sumer aux r\u00e9ponses donn\u00e9es \u00e0 trois questions :<\/p>\n<ul>\n<li>Qu\u2019allez-vous vendre ?<\/li>\n<li>A qui ?<\/li>\n<li>Pour combien ?<\/li>\n<\/ul>\n<p>Le passage de l\u2019id\u00e9e initiale \u00e0 la cr\u00e9ation d\u2019une entreprise peut \u00eatre difficile et le chemin pour y parvenir parsem\u00e9 d\u2019embuches. Publi\u00e9 en avril dernier, le guide de l\u2019entrepreneur 2022 traite des nombreuses th\u00e9matiques auxquelles sont confront\u00e9s les cr\u00e9ateurs de start-up. N\u2019h\u00e9sitez pas \u00e0 le commander <a href=\"http:\/\/theark.ch\/page\/guide-pour-entrepreneur-en-suisse-1682\" target=\"_blank\">via ce formulaire<\/a>. Bonne lecture !<\/p>\n<p>\u00a0<\/p>\n","protected":false},"excerpt":{"rendered":"<p>Toute cr\u00e9ation d\u2019entreprise d\u00e9bute n\u00e9cessairement par l\u2019\u00e9closion d\u2019une id\u00e9e. A contrario, chaque id\u00e9e ne donne pas forc\u00e9ment naissance \u00e0 une entreprise. Les premi\u00e8res \u00e9tapes de validation d\u2019un concept d\u2019entreprise rev\u00eatent une importance primordiale, essentielles pour ancrer le projet dans son environnement et la dur\u00e9e. D\u00e9couvrez ces \u00e9tapes cl\u00e9s pour bien d\u00e9marrer dans l\u2019aventure de l\u2019entrepreneuriat, [&hellip;]<\/p>\n","protected":false},"author":1,"featured_media":42492,"comment_status":"closed","ping_status":"closed","sticky":false,"template":"","format":"standard","meta":{"_acf_changed":false,"footnotes":""},"categories":[186],"tags":[],"class_list":["post-42491","post","type-post","status-publish","format-standard","has-post-thumbnail","hentry","category-digital"],"acf":[],"_links":{"self":[{"href":"https:\/\/theark.ch\/fr\/wp-json\/wp\/v2\/posts\/42491","targetHints":{"allow":["GET"]}}],"collection":[{"href":"https:\/\/theark.ch\/fr\/wp-json\/wp\/v2\/posts"}],"about":[{"href":"https:\/\/theark.ch\/fr\/wp-json\/wp\/v2\/types\/post"}],"author":[{"embeddable":true,"href":"https:\/\/theark.ch\/fr\/wp-json\/wp\/v2\/users\/1"}],"replies":[{"embeddable":true,"href":"https:\/\/theark.ch\/fr\/wp-json\/wp\/v2\/comments?post=42491"}],"version-history":[{"count":0,"href":"https:\/\/theark.ch\/fr\/wp-json\/wp\/v2\/posts\/42491\/revisions"}],"wp:featuredmedia":[{"embeddable":true,"href":"https:\/\/theark.ch\/fr\/wp-json\/wp\/v2\/media\/42492"}],"wp:attachment":[{"href":"https:\/\/theark.ch\/fr\/wp-json\/wp\/v2\/media?parent=42491"}],"wp:term":[{"taxonomy":"category","embeddable":true,"href":"https:\/\/theark.ch\/fr\/wp-json\/wp\/v2\/categories?post=42491"},{"taxonomy":"post_tag","embeddable":true,"href":"https:\/\/theark.ch\/fr\/wp-json\/wp\/v2\/tags?post=42491"}],"curies":[{"name":"wp","href":"https:\/\/api.w.org\/{rel}","templated":true}]}}