{"id":42567,"date":"2022-06-23T18:06:40","date_gmt":"2022-06-23T16:06:40","guid":{"rendered":"http:\/\/theark.ch\/news\/nouveau-site-web-pour-le-swiss-digital-center-une-vitrine-de-la-digitalisation-en-valais\/"},"modified":"2025-04-08T15:03:32","modified_gmt":"2025-04-08T13:03:32","slug":"nouveau-site-web-pour-le-swiss-digital-center-une-vitrine-de-la-digitalisation-en-valais","status":"publish","type":"post","link":"https:\/\/theark.ch\/fr\/news\/nouveau-site-web-pour-le-swiss-digital-center-une-vitrine-de-la-digitalisation-en-valais\/","title":{"rendered":"Nouveau site web pour le Swiss Digital Center\u2009: une vitrine de la digitalisation en Valais\u2009!"},"content":{"rendered":"<p><strong>Le <a href=\"https:\/\/swissdigitalcenter.ch\/fr\/\" target=\"_blank\" rel=\"noopener\">Swiss Digital Center<\/a> incarne la strat\u00e9gie cantonale valaisanne en lien avec la digitalisation. Pour mat\u00e9rialiser cette intention, le site web du centre vient de faire peau neuve. Il reprend d\u00e9sormais les codes graphiques de la marque Valais. Ce nouveau design permet de rappeler que le Swiss Digital Center est bas\u00e9 \u00e0 Sierre, mais surtout que ses prestations sont ancr\u00e9es et disponibles pour l\u2019ensemble du canton. Le nouveau site est d\u2019ailleurs \u00e0 disposition pour relayer les actualit\u00e9s en lien avec la digitalisation.<\/strong><\/p>\n<p>En f\u00e9vrier 2021, l\u2019Etat du Valais, la ville de Sierre, la Fondation The Ark, Techno-p\u00f4le Sierre SA et la HES-SO Valais-Wallis ont uni leurs comp\u00e9tences au sein du Swiss Digital Center en signant une convention de partenariat. La volont\u00e9 est de r\u00e9unir les domaines de la formation, de la recherche et de l\u2019\u00e9conomie afin de relever les d\u00e9fis de la transformation digitale et num\u00e9rique. Aujourd\u2019hui, le nouveau site web du <a href=\"https:\/\/swissdigitalcenter.ch\/fr\/\" target=\"_blank\" rel=\"noopener\">Swiss Digital Center<\/a> met en avant cette volont\u00e9.<\/p>\n<p>\u00a0<\/p>\n<p><strong>Une vitrine \u00e0 disposition pour relayer les actualit\u00e9s<\/strong><\/p>\n<p>Son contenu a \u00e9t\u00e9 repens\u00e9 en profondeur, avec la mise en avant du site de Sierre et de ses services pour les entreprises, mais \u00e9galement la mise en lumi\u00e8re des actualit\u00e9s digitales de l\u2019\u00e9conomie, la formation et la recherche valaisanne. Des success stories sont \u00e9galement mises en ligne, tout comme les principales initiatives digitales actuellement en d\u00e9veloppement en Valais. Le but est de faire rayonner le Swiss Digital Center au-del\u00e0 des fronti\u00e8res cantonales et d\u2019affirmer les savoir-faire valaisans (et sierrois) en la mati\u00e8re.<\/p>\n<p>Ce nouveau site internet est \u00e0 disposition de toutes les entreprises, instituts de recherche et \u00e9coles qui souhaitent mettre en avant leurs actualit\u00e9s en lien avec la digitalisation. N\u2019h\u00e9sitez pas \u00e0 partager vos informations et actualit\u00e9s via l\u2019adresse info@swissdigitalcenter.ch<\/a>.<\/p>\n<p>\u00a0<\/p>\n<p><strong>Source et image<\/strong> : Swiss Digital Center<\/p>\n<p>\u00a0<\/p>\n","protected":false},"excerpt":{"rendered":"<p>Le Swiss Digital Center incarne la strat\u00e9gie cantonale valaisanne en lien avec la digitalisation. Pour mat\u00e9rialiser cette intention, le site web du centre vient de faire peau neuve. Il reprend d\u00e9sormais les codes graphiques de la marque Valais. Ce nouveau design permet de rappeler que le Swiss Digital Center est bas\u00e9 \u00e0 Sierre, mais surtout [&hellip;]<\/p>\n","protected":false},"author":1,"featured_media":42568,"comment_status":"closed","ping_status":"closed","sticky":false,"template":"","format":"standard","meta":{"_acf_changed":false,"footnotes":""},"categories":[186],"tags":[],"class_list":["post-42567","post","type-post","status-publish","format-standard","has-post-thumbnail","hentry","category-digital"],"acf":[],"_links":{"self":[{"href":"https:\/\/theark.ch\/fr\/wp-json\/wp\/v2\/posts\/42567","targetHints":{"allow":["GET"]}}],"collection":[{"href":"https:\/\/theark.ch\/fr\/wp-json\/wp\/v2\/posts"}],"about":[{"href":"https:\/\/theark.ch\/fr\/wp-json\/wp\/v2\/types\/post"}],"author":[{"embeddable":true,"href":"https:\/\/theark.ch\/fr\/wp-json\/wp\/v2\/users\/1"}],"replies":[{"embeddable":true,"href":"https:\/\/theark.ch\/fr\/wp-json\/wp\/v2\/comments?post=42567"}],"version-history":[{"count":1,"href":"https:\/\/theark.ch\/fr\/wp-json\/wp\/v2\/posts\/42567\/revisions"}],"predecessor-version":[{"id":47735,"href":"https:\/\/theark.ch\/fr\/wp-json\/wp\/v2\/posts\/42567\/revisions\/47735"}],"wp:featuredmedia":[{"embeddable":true,"href":"https:\/\/theark.ch\/fr\/wp-json\/wp\/v2\/media\/42568"}],"wp:attachment":[{"href":"https:\/\/theark.ch\/fr\/wp-json\/wp\/v2\/media?parent=42567"}],"wp:term":[{"taxonomy":"category","embeddable":true,"href":"https:\/\/theark.ch\/fr\/wp-json\/wp\/v2\/categories?post=42567"},{"taxonomy":"post_tag","embeddable":true,"href":"https:\/\/theark.ch\/fr\/wp-json\/wp\/v2\/tags?post=42567"}],"curies":[{"name":"wp","href":"https:\/\/api.w.org\/{rel}","templated":true}]}}