{"id":42737,"date":"2022-09-14T16:14:06","date_gmt":"2022-09-14T14:14:06","guid":{"rendered":"http:\/\/theark.ch\/news\/levenement-silicon-valais-revient-le-23-septembre-prochain\/"},"modified":"2022-09-14T16:14:06","modified_gmt":"2022-09-14T14:14:06","slug":"levenement-silicon-valais-revient-le-23-septembre-prochain","status":"publish","type":"post","link":"https:\/\/theark.ch\/fr\/news\/levenement-silicon-valais-revient-le-23-septembre-prochain\/","title":{"rendered":"L\u2019\u00e9v\u00e8nement Silicon Valais revient le 23 septembre prochain !"},"content":{"rendered":"<p><strong>Rendez-vous annuel des acteurs de l\u2019informatique, le Silicon Valais revient ce vendredi pour une nouvelle \u00e9dition. Cette ann\u00e9e, l\u2019intervenant Vincent Kaufmann, directeur de la fondation Ethos, abordera la th\u00e9matique de la responsabilit\u00e9 num\u00e9rique en entreprise. Un sujet passionnant qui pose de nombreux d\u00e9fis sur les plans \u00e9thique et juridique. Inscrivez-vous sans tarder sur le <a href=\"https:\/\/www.hevs.ch\/fr\/hautes-ecoles\/haute-ecole-de-gestion\/informatique-de-gestion\/silicon-valais-200558\" target=\"_blank\" rel=\"noopener\">site de la HES-SO Valais-Wallis<\/a>.<\/strong><\/p>\n<p>La fondation <a href=\"https:\/\/www.ethosfund.ch\/fr\" target=\"_blank\" rel=\"noopener\">Ethos<\/a> a pour but de promouvoir l\u2019investissement socialement responsable et de favoriser un environnement socio-\u00e9conomique stable et prosp\u00e8re. R\u00e9cemment, elle a \u00e9dit\u00e9 un \u00ab Engagement Paper \u00bb qui r\u00e9sume ses attentes en mati\u00e8re de responsabilit\u00e9 num\u00e9rique vis-\u00e0-vis des entreprises. Une premi\u00e8re \u00e9tude sur la responsabilit\u00e9 num\u00e9rique des 48 plus grandes soci\u00e9t\u00e9s suisses cot\u00e9es \u00e0 la bourse a \u00e9galement \u00e9t\u00e9 publi\u00e9e. A l\u2019occasion du Silicon Valais, son directeur <a href=\"https:\/\/www.linkedin.com\/in\/vincent-kaufmann-1189319\/\" target=\"_blank\" rel=\"noopener\">Vincent Kaufmann<\/a> partagera son expertise sur le sujet.<\/p>\n<p>La manifestation d\u00e9butera par la pr\u00e9sentation des travaux de Bachelor des \u00e9tudiant.e.s en Informatique de Gestion, d\u00e8s 17h le vendredi 23 septembre. Apr\u00e8s un mot de bienvenue de Nicolas Debons, Responsable de la fili\u00e8re, la parole sera donn\u00e9e \u00e0 Vincent Kaufmann. La soir\u00e9e sera suivie d\u2019un ap\u00e9ritif. Une excellente occasion de r\u00e9seautage avec des entreprises et start-up informatiques !<\/p>\n<p>L\u2019\u00e9v\u00e8nement est gratuit, mais l\u2019inscription obligatoire sur le <a href=\"https:\/\/www.hevs.ch\/fr\/hautes-ecoles\/haute-ecole-de-gestion\/informatique-de-gestion\/silicon-valais-200558\" target=\"_blank\" rel=\"noopener\">site de la HES-SO Valais-Wallis<\/a>.<\/p>\n<p>\u00a0<\/p>\n<p><strong>Informations compl\u00e9mentaires<\/strong> : <a href=\"https:\/\/www.hevs.ch\/fr\/hautes-ecoles\/haute-ecole-de-gestion\/informatique-de-gestion\/silicon-valais-200558\" target=\"_blank\" rel=\"noopener\">Silicon Valais<\/a><\/p>\n<p><strong>Cr\u00e9dit photo<\/strong> : HES-SO Valais-Wallis<\/p>\n<p><\/p>\n<p>\u00a0<\/p>\n","protected":false},"excerpt":{"rendered":"<p>Rendez-vous annuel des acteurs de l\u2019informatique, le Silicon Valais revient ce vendredi pour une nouvelle \u00e9dition. Cette ann\u00e9e, l\u2019intervenant Vincent Kaufmann, directeur de la fondation Ethos, abordera la th\u00e9matique de la responsabilit\u00e9 num\u00e9rique en entreprise. Un sujet passionnant qui pose de nombreux d\u00e9fis sur les plans \u00e9thique et juridique. Inscrivez-vous sans tarder sur le site [&hellip;]<\/p>\n","protected":false},"author":1,"featured_media":42738,"comment_status":"closed","ping_status":"closed","sticky":false,"template":"","format":"standard","meta":{"_acf_changed":false,"footnotes":""},"categories":[186],"tags":[],"class_list":["post-42737","post","type-post","status-publish","format-standard","has-post-thumbnail","hentry","category-digital"],"acf":[],"_links":{"self":[{"href":"https:\/\/theark.ch\/fr\/wp-json\/wp\/v2\/posts\/42737","targetHints":{"allow":["GET"]}}],"collection":[{"href":"https:\/\/theark.ch\/fr\/wp-json\/wp\/v2\/posts"}],"about":[{"href":"https:\/\/theark.ch\/fr\/wp-json\/wp\/v2\/types\/post"}],"author":[{"embeddable":true,"href":"https:\/\/theark.ch\/fr\/wp-json\/wp\/v2\/users\/1"}],"replies":[{"embeddable":true,"href":"https:\/\/theark.ch\/fr\/wp-json\/wp\/v2\/comments?post=42737"}],"version-history":[{"count":0,"href":"https:\/\/theark.ch\/fr\/wp-json\/wp\/v2\/posts\/42737\/revisions"}],"wp:featuredmedia":[{"embeddable":true,"href":"https:\/\/theark.ch\/fr\/wp-json\/wp\/v2\/media\/42738"}],"wp:attachment":[{"href":"https:\/\/theark.ch\/fr\/wp-json\/wp\/v2\/media?parent=42737"}],"wp:term":[{"taxonomy":"category","embeddable":true,"href":"https:\/\/theark.ch\/fr\/wp-json\/wp\/v2\/categories?post=42737"},{"taxonomy":"post_tag","embeddable":true,"href":"https:\/\/theark.ch\/fr\/wp-json\/wp\/v2\/tags?post=42737"}],"curies":[{"name":"wp","href":"https:\/\/api.w.org\/{rel}","templated":true}]}}