{"id":42773,"date":"2022-09-26T15:36:00","date_gmt":"2022-09-26T13:36:00","guid":{"rendered":"http:\/\/theark.ch\/news\/le-groupe-t2i-lance-une-etude-sur-la-digitalisation-des-entreprises-romandes\/"},"modified":"2022-09-26T15:36:00","modified_gmt":"2022-09-26T13:36:00","slug":"le-groupe-t2i-lance-une-etude-sur-la-digitalisation-des-entreprises-romandes","status":"publish","type":"post","link":"https:\/\/theark.ch\/fr\/news\/le-groupe-t2i-lance-une-etude-sur-la-digitalisation-des-entreprises-romandes\/","title":{"rendered":"Le Groupe T2i lance une \u00e9tude sur la digitalisation des entreprises romandes !"},"content":{"rendered":"<p><strong>Pour att\u00e9nuer l\u2019impact de la pand\u00e9mie covid-19, les organisations professionnelles ont d\u00fb\u00a0passablement s\u2019adapter, notamment en termes de digitalisation. Dans un premier temps, des ressources ont pu \u00eatre externalis\u00e9es ou mieux r\u00e9parties en interne. \u00c0 mesure que cette\u00a0\u00ab\u00a0nouvelle normalit\u00e9\u00a0\u00bb se pr\u00e9cise, nombreuses sont les institutions d\u00e9sormais pr\u00eates \u00e0 investir davantage dans leur d\u00e9partement informatique. Une \u00e9tude lanc\u00e9e par le Groupe T2i veut analyser les pratiques digitales au sein des entreprises\u00a0romandes. Pour compl\u00e9ter les donn\u00e9es \u00e0 disposition, celles-ci\u00a0sont appel\u00e9es \u00e0 r\u00e9pondre \u00e0 un sondage en ligne concernant l\u2019impact de la digitalisation dans leur organisation interne.\u00a0<\/strong><\/p>\n<p>\u00a0<\/p>\n<p>Externalisation, services manag\u00e9s, investissements IT, h\u00e9bergement des donn\u00e9es, sensibilisation \u00e0 la s\u00e9curit\u00e9, \u2026 : ce sont les th\u00e8mes abord\u00e9s dans une \u00e9tude men\u00e9e par le <a href=\"https:\/\/www.groupe-t2i.com\/\" target=\"_blank\" rel=\"noopener\">Groupe T2i<\/a>, en partenariat avec Cisco. Celle-ci a pour objectif de pr\u00e9senter les pratiques actuelles en termes de digitalisation des entreprises, apr\u00e8s consultation des directions op\u00e9rationnelles et des responsables informatique\u00a0actifs en Suisse romande.\u00a0<\/p>\n<p>\u00a0<\/p>\n<p><strong>Participez activement \u00e0 l\u2019\u00e9tude en r\u00e9pondant au sondage en ligne !<\/strong><\/p>\n<p>Afin de d\u00e9finir les pratiques actuelles en mati\u00e8re de digitalisation, le Groupe T2i a besoin de vos r\u00e9ponses. Pour participer, il vous suffit de prendre cinq minutes et\u00a0r\u00e9pondre \u00e0 ce <a href=\"https:\/\/fr.surveymonkey.com\/r\/digITalisation-Romandie\" target=\"_blank\" rel=\"noopener\">questionnaire en ligne<\/a>. Les r\u00e9sultats seront pr\u00e9sent\u00e9s dans une publication pr\u00e9vue en novembre prochain. L\u2019occasion de d\u00e9couvrir comment la digitalisation a impact\u00e9 les soci\u00e9t\u00e9s romandes !<\/p>\n<p>\u00a0<\/p>\n","protected":false},"excerpt":{"rendered":"<p>Pour att\u00e9nuer l\u2019impact de la pand\u00e9mie covid-19, les organisations professionnelles ont d\u00fb\u00a0passablement s\u2019adapter, notamment en termes de digitalisation. Dans un premier temps, des ressources ont pu \u00eatre externalis\u00e9es ou mieux r\u00e9parties en interne. \u00c0 mesure que cette\u00a0\u00ab\u00a0nouvelle normalit\u00e9\u00a0\u00bb se pr\u00e9cise, nombreuses sont les institutions d\u00e9sormais pr\u00eates \u00e0 investir davantage dans leur d\u00e9partement informatique. Une \u00e9tude [&hellip;]<\/p>\n","protected":false},"author":1,"featured_media":42774,"comment_status":"closed","ping_status":"closed","sticky":false,"template":"","format":"standard","meta":{"_acf_changed":false,"footnotes":""},"categories":[186],"tags":[],"class_list":["post-42773","post","type-post","status-publish","format-standard","has-post-thumbnail","hentry","category-digital"],"acf":[],"_links":{"self":[{"href":"https:\/\/theark.ch\/fr\/wp-json\/wp\/v2\/posts\/42773","targetHints":{"allow":["GET"]}}],"collection":[{"href":"https:\/\/theark.ch\/fr\/wp-json\/wp\/v2\/posts"}],"about":[{"href":"https:\/\/theark.ch\/fr\/wp-json\/wp\/v2\/types\/post"}],"author":[{"embeddable":true,"href":"https:\/\/theark.ch\/fr\/wp-json\/wp\/v2\/users\/1"}],"replies":[{"embeddable":true,"href":"https:\/\/theark.ch\/fr\/wp-json\/wp\/v2\/comments?post=42773"}],"version-history":[{"count":0,"href":"https:\/\/theark.ch\/fr\/wp-json\/wp\/v2\/posts\/42773\/revisions"}],"wp:featuredmedia":[{"embeddable":true,"href":"https:\/\/theark.ch\/fr\/wp-json\/wp\/v2\/media\/42774"}],"wp:attachment":[{"href":"https:\/\/theark.ch\/fr\/wp-json\/wp\/v2\/media?parent=42773"}],"wp:term":[{"taxonomy":"category","embeddable":true,"href":"https:\/\/theark.ch\/fr\/wp-json\/wp\/v2\/categories?post=42773"},{"taxonomy":"post_tag","embeddable":true,"href":"https:\/\/theark.ch\/fr\/wp-json\/wp\/v2\/tags?post=42773"}],"curies":[{"name":"wp","href":"https:\/\/api.w.org\/{rel}","templated":true}]}}