{"id":42841,"date":"2022-10-25T12:33:51","date_gmt":"2022-10-25T10:33:51","guid":{"rendered":"http:\/\/theark.ch\/news\/valezy-favoriser-le-commerce-local-avec-des-solutions-numeriques-innovantes\/"},"modified":"2022-10-25T12:33:51","modified_gmt":"2022-10-25T10:33:51","slug":"valezy-favoriser-le-commerce-local-avec-des-solutions-numeriques-innovantes","status":"publish","type":"post","link":"https:\/\/theark.ch\/fr\/news\/valezy-favoriser-le-commerce-local-avec-des-solutions-numeriques-innovantes\/","title":{"rendered":"Valezy : favoriser le commerce local avec des solutions num\u00e9riques innovantes"},"content":{"rendered":"<p><strong>Entreprise valaisanne bas\u00e9e \u00e0 Sion, <a href=\"https:\/\/www.valezy.ch\/\" target=\"_blank\" rel=\"noopener\">Valezy<\/a> est active dans le domaine des solutions num\u00e9riques pour le commerce local, les communes et les destinations touristiques. Depuis sa cr\u00e9ation en 2016, la jeune pousse met un point d\u2019honneur \u00e0 favoriser l\u2019\u00e9conomie locale. Rencontre avec Gr\u00e9gory Zermatten, directeur associ\u00e9 de Valezy.<\/strong><\/p>\n<p>Laur\u00e9ate de l\u2019appel \u00e0 solutions Digitourism en 2020, l\u2019entreprise s\u00e9dunoise a depuis fait du chemin. Elle propose aujourd\u2019hui deux produits phares, qui sont le Passeport valaisan et la Hostcard. Le premier permet aux clients de profiter de superbes offres chez des partenaires \u00e9parpill\u00e9s aux quatre coins du canton. Le second est un syst\u00e8me num\u00e9rique de bons d\u2019achat et de cartes d\u2019h\u00f4tes, mis en place dans des communes ou des villes en soutien aux commer\u00e7ants locaux.<\/p>\n<p>Le temps d\u2019une interview, Gr\u00e9gory Zermatten nous donne sa vision de l\u2019entrepreneuriat, de l\u2019innovation et de la durabilit\u00e9 au sein de son entreprise.<\/p>\n<p>\u00a0<\/p>\n<p><strong><em>Fondation The Ark : Gr\u00e9gory, parlez-nous un peu de votre parcours \u2026<\/em><\/strong><\/p>\n<p>Gr\u00e9gory Zermatten : J\u2019ai effectu\u00e9 des \u00e9tudes d\u2019\u00e9conomiste d\u2019entreprise \u00e0 la Haute Ecole de Gestion de Sierre, en travaillant en parall\u00e8le pour une assurance. Cette exp\u00e9rience a confirm\u00e9 mon int\u00e9r\u00eat \u00e0 monter ma propre entreprise. En derni\u00e8re ann\u00e9e d\u2019\u00e9tudes, j\u2019ai suivi le programme Business Experience propos\u00e9 par la HES, o\u00f9 nous avons cr\u00e9\u00e9 le projet de base de Valezy, qui consistait en une carte pour r\u00e9f\u00e9rencer les \u00e9v\u00e8nements. C\u2019est seulement une fois mon cursus universitaire termin\u00e9 que nous avons repris et relanc\u00e9 le Passeport valaisan. Le d\u00e9but de l\u2019aventure entrepreneuriale !<\/p>\n<p>\u00a0<\/p>\n<p><strong><em>Fondation The Ark : \u00catre entrepreneur, qu\u2019est-ce que cela signifie pour vous ?<\/em><\/strong><\/p>\n<p>Gr\u00e9gory Zermatten : Je dirais qu\u2019\u00eatre entrepreneur, c\u2019est disposer d\u2019une grande libert\u00e9 et pouvoir faire ce que l\u2019on veut ! D\u00e8s que l\u2019on a une nouvelle id\u00e9e, nous pouvons la lancer, sans qu\u2019il soit n\u00e9cessaire de passer par une phase de validation ou de suivre un protocole.<\/p>\n<p>\u00a0<\/p>\n<p><em><strong>Fondation The Ark : Comment s\u2019inscrit la durabilit\u00e9 au sein de votre entreprise ?<\/strong><\/em><\/p>\n<p>Gr\u00e9gory Zermatten : La durabilit\u00e9, nous l\u2019appliquons en soutenant le commerce local. Dans toutes les activit\u00e9s que nous r\u00e9alisons, que ce soient les passeports, les cartes d\u2019h\u00f4tes ou les bons d\u2019achat, l\u2019objectif reste le m\u00eame : que les clients consomment localement, en Valais ou plus sp\u00e9cifiquement dans une commune. Favoriser l\u2019\u00e9conomie circulaire, c\u2019est notre pierre \u00e0 l\u2019\u00e9difice.<\/p>\n<p>\u00a0<\/p>\n<p><em><strong>Fondation The Ark : Quelles sont les prochaines \u00e9tapes et projets pour votre entreprise ?<\/strong><\/em><\/p>\n<p>Gr\u00e9gory Zermatten : Du c\u00f4t\u00e9 des passeports, la prochaine \u00e9tape est d\u2019en proposer un pour chaque canton. Le 1er septembre, nous avons lanc\u00e9\u00a0le Passeport vaudois. Nous aimerions ensuite mettre en place une sorte de jeu, o\u00f9 le client d\u00e9tenteur d\u2019un passeport d\u2019un canton re\u00e7oit quelques offres d\u2019activit\u00e9s \u00e0 r\u00e9aliser ailleurs en Romandie. Dans un premier temps, le but est de proposer des id\u00e9es de sorties essentiellement en Suisse romande.\u00a0<\/p>\n<p>Pour la partie bons et cartes d\u2019h\u00f4tes, nous souhaitons continuer \u00e0 \u00e9quiper les communes, les destinations touristiques et les groupements de commer\u00e7ants avec les outils que nous avons d\u00e9velopp\u00e9s pour favoriser la consommation locale.<\/p>\n<p>\u00a0<\/p>\n<p><strong><em>Fondation The Ark : Quel est le moment qui a marqu\u00e9 votre exp\u00e9rience de l\u2019entrepreneuriat ?<\/em><\/strong><\/p>\n<p>Gr\u00e9gory Zermatten : Le moment qui nous a marqu\u00e9 chez Valezy, c\u2019est l\u2019op\u00e9ration des bons de CHF 100.- propos\u00e9e par le canton en \u00e9t\u00e9 2020. En quelques semaines, nous sommes pass\u00e9s de la gestion de notre passeport, dont nous maitrisions tous les param\u00e8tres, \u00e0 un projet d\u2019envergure cantonale, avec la mise en circulation d\u2019une valeur de 16 millions. Il a fallu g\u00e9rer et assurer le coup pour que tout fonctionne correctement.\u00a0<\/p>\n<p>En termes entrepreneurial, c\u2019\u00e9tait le moment le plus marquant, par la taille du projet et la responsabilit\u00e9 qu\u2019il nous incombait. C\u2019est pour vivre ce genre de projets qu\u2019il est passionnant de fonder son entreprise. Sur le plan humain \u00e9galement, l\u2019exp\u00e9rience \u00e9tait g\u00e9niale et je retiens ce moment comme l\u2019exp\u00e9rience extraordinaire qui a le plus marqu\u00e9 mon parcours d\u2019entrepreneur !<\/p>\n<p>\u00a0<\/p>\n","protected":false},"excerpt":{"rendered":"<p>Entreprise valaisanne bas\u00e9e \u00e0 Sion, Valezy est active dans le domaine des solutions num\u00e9riques pour le commerce local, les communes et les destinations touristiques. Depuis sa cr\u00e9ation en 2016, la jeune pousse met un point d\u2019honneur \u00e0 favoriser l\u2019\u00e9conomie locale. Rencontre avec Gr\u00e9gory Zermatten, directeur associ\u00e9 de Valezy. Laur\u00e9ate de l\u2019appel \u00e0 solutions Digitourism en [&hellip;]<\/p>\n","protected":false},"author":1,"featured_media":42842,"comment_status":"closed","ping_status":"closed","sticky":false,"template":"","format":"standard","meta":{"_acf_changed":false,"footnotes":""},"categories":[186],"tags":[],"class_list":["post-42841","post","type-post","status-publish","format-standard","has-post-thumbnail","hentry","category-digital"],"acf":[],"_links":{"self":[{"href":"https:\/\/theark.ch\/fr\/wp-json\/wp\/v2\/posts\/42841","targetHints":{"allow":["GET"]}}],"collection":[{"href":"https:\/\/theark.ch\/fr\/wp-json\/wp\/v2\/posts"}],"about":[{"href":"https:\/\/theark.ch\/fr\/wp-json\/wp\/v2\/types\/post"}],"author":[{"embeddable":true,"href":"https:\/\/theark.ch\/fr\/wp-json\/wp\/v2\/users\/1"}],"replies":[{"embeddable":true,"href":"https:\/\/theark.ch\/fr\/wp-json\/wp\/v2\/comments?post=42841"}],"version-history":[{"count":0,"href":"https:\/\/theark.ch\/fr\/wp-json\/wp\/v2\/posts\/42841\/revisions"}],"wp:featuredmedia":[{"embeddable":true,"href":"https:\/\/theark.ch\/fr\/wp-json\/wp\/v2\/media\/42842"}],"wp:attachment":[{"href":"https:\/\/theark.ch\/fr\/wp-json\/wp\/v2\/media?parent=42841"}],"wp:term":[{"taxonomy":"category","embeddable":true,"href":"https:\/\/theark.ch\/fr\/wp-json\/wp\/v2\/categories?post=42841"},{"taxonomy":"post_tag","embeddable":true,"href":"https:\/\/theark.ch\/fr\/wp-json\/wp\/v2\/tags?post=42841"}],"curies":[{"name":"wp","href":"https:\/\/api.w.org\/{rel}","templated":true}]}}