{"id":42857,"date":"2022-10-25T18:35:06","date_gmt":"2022-10-25T16:35:06","guid":{"rendered":"http:\/\/theark.ch\/news\/univerre-quand-digitalisation-rime-avec-agilite-et-croissance\/"},"modified":"2022-10-25T18:35:06","modified_gmt":"2022-10-25T16:35:06","slug":"univerre-quand-digitalisation-rime-avec-agilite-et-croissance","status":"publish","type":"post","link":"https:\/\/theark.ch\/fr\/news\/univerre-quand-digitalisation-rime-avec-agilite-et-croissance\/","title":{"rendered":"Univerre : quand digitalisation rime avec agilit\u00e9 et croissance"},"content":{"rendered":"<p><strong>La digitalisation, ph\u00e9nom\u00e8ne qui a pris une grande ampleur ces derni\u00e8res ann\u00e9es, touche aujourd\u2019hui tous les acteurs du tissu \u00e9conomique. Pour l\u2019illustrer, plusieurs PME valaisannes ont choisi de vous faire d\u00e9couvrir comment elles ont r\u00e9alis\u00e9, au sein de leur structure, une v\u00e9ritable transformation digitale. Pour le premier \u00e9pisode de cette s\u00e9rie, l\u2019entreprise Univerre, leader des emballages en verre, d\u00e9voile en vid\u00e9o les \u00e9tapes de sa transition num\u00e9rique.<\/strong><\/p>\n<p>La transformation digitale d\u2019<a href=\"https:\/\/www.univerre.ch\/\" target=\"_blank\" rel=\"noopener\">Univerre<\/a> a d\u00e9but\u00e9 en 2017, \u00e0 la suite d\u2019un voyage des membres de la direction de l\u2019entreprise dans la Silicon Valley. S\u2019il y a une chose \u00e0 retenir de cette exp\u00e9rience am\u00e9ricaine, c\u2019est que la digitalisation est avant tout un \u00e9tat d\u2019esprit et une culture. Une culture qui a men\u00e9 la PME sierroise \u00e0 digitaliser, dans un premier temps, tout son stock, puis \u00e0 automatiser l\u2019approvisionnement. L\u2019ensemble de l\u2019\u00e9quipe a \u00e9galement adopt\u00e9 la suite Google, pour favoriser le travail collaboratif. Aujourd\u2019hui, l\u2019entreprise ne pourrait plus imaginer travailler autrement !<\/p>\n<p>Dans la vid\u00e9o ci-dessous, Univerre d\u00e9montre comment la digitalisation a\u00a0v\u00e9ritablement transform\u00e9\u00a0ses processus internes, en favorisant l\u2019agilit\u00e9 et la croissance.<\/p>\n<p>\u00a0<\/p>\n<p style=\"text-align: center;\"><iframe loading=\"lazy\" allow=\"accelerometer; autoplay; clipboard-write; encrypted-media; gyroscope; picture-in-picture\" allowfullscreen=\"\" frameborder=\"0\" height=\"315\" src=\"https:\/\/www.youtube.com\/embed\/ZzVG0xrw9lU\" title=\"YouTube video player\" width=\"560\"><\/iframe><\/p>\n<p><\/p>\n<p>La semaine prochaine, ce sera au tour de <a href=\"https:\/\/www.studer-innotec.com\/fr\/\" target=\"_blank\" rel=\"noopener\">Studer Innotec<\/a> de nous pr\u00e9senter son exp\u00e9rience de la transition num\u00e9rique. Restez connect\u00e9s !<\/p>\n<p>\u00a0<\/p>\n<p><strong>Cr\u00e9dit photo<\/strong> : Univerre<\/p>\n<p>\u00a0<\/p>\n","protected":false},"excerpt":{"rendered":"<p>La digitalisation, ph\u00e9nom\u00e8ne qui a pris une grande ampleur ces derni\u00e8res ann\u00e9es, touche aujourd\u2019hui tous les acteurs du tissu \u00e9conomique. Pour l\u2019illustrer, plusieurs PME valaisannes ont choisi de vous faire d\u00e9couvrir comment elles ont r\u00e9alis\u00e9, au sein de leur structure, une v\u00e9ritable transformation digitale. Pour le premier \u00e9pisode de cette s\u00e9rie, l\u2019entreprise Univerre, leader des [&hellip;]<\/p>\n","protected":false},"author":1,"featured_media":42858,"comment_status":"closed","ping_status":"closed","sticky":false,"template":"","format":"standard","meta":{"_acf_changed":false,"footnotes":""},"categories":[186],"tags":[],"class_list":["post-42857","post","type-post","status-publish","format-standard","has-post-thumbnail","hentry","category-digital"],"acf":[],"_links":{"self":[{"href":"https:\/\/theark.ch\/fr\/wp-json\/wp\/v2\/posts\/42857","targetHints":{"allow":["GET"]}}],"collection":[{"href":"https:\/\/theark.ch\/fr\/wp-json\/wp\/v2\/posts"}],"about":[{"href":"https:\/\/theark.ch\/fr\/wp-json\/wp\/v2\/types\/post"}],"author":[{"embeddable":true,"href":"https:\/\/theark.ch\/fr\/wp-json\/wp\/v2\/users\/1"}],"replies":[{"embeddable":true,"href":"https:\/\/theark.ch\/fr\/wp-json\/wp\/v2\/comments?post=42857"}],"version-history":[{"count":0,"href":"https:\/\/theark.ch\/fr\/wp-json\/wp\/v2\/posts\/42857\/revisions"}],"wp:featuredmedia":[{"embeddable":true,"href":"https:\/\/theark.ch\/fr\/wp-json\/wp\/v2\/media\/42858"}],"wp:attachment":[{"href":"https:\/\/theark.ch\/fr\/wp-json\/wp\/v2\/media?parent=42857"}],"wp:term":[{"taxonomy":"category","embeddable":true,"href":"https:\/\/theark.ch\/fr\/wp-json\/wp\/v2\/categories?post=42857"},{"taxonomy":"post_tag","embeddable":true,"href":"https:\/\/theark.ch\/fr\/wp-json\/wp\/v2\/tags?post=42857"}],"curies":[{"name":"wp","href":"https:\/\/api.w.org\/{rel}","templated":true}]}}