{"id":42893,"date":"2022-11-07T17:12:13","date_gmt":"2022-11-07T16:12:13","guid":{"rendered":"http:\/\/theark.ch\/news\/chez-fidag-la-digitalisation-fait-le-bonheur-des-collaborateurs-et-des-clients\/"},"modified":"2022-11-07T17:12:13","modified_gmt":"2022-11-07T15:12:13","slug":"chez-fidag-la-digitalisation-fait-le-bonheur-des-collaborateurs-et-des-clients","status":"publish","type":"post","link":"https:\/\/theark.ch\/fr\/news\/chez-fidag-la-digitalisation-fait-le-bonheur-des-collaborateurs-et-des-clients\/","title":{"rendered":"Chez Fidag, la digitalisation fait le bonheur des collaborateurs et des clients !"},"content":{"rendered":"<p><strong>La digitalisation, ph\u00e9nom\u00e8ne qui a pris une grande ampleur ces derni\u00e8res ann\u00e9es, touche aujourd\u2019hui tous les acteurs du tissu \u00e9conomique. Pour l\u2019illustrer, plusieurs PME valaisannes ont choisi de vous faire d\u00e9couvrir comment elles ont r\u00e9alis\u00e9, au sein de leur structure, une v\u00e9ritable transformation digitale. Pour le dernier \u00e9pisode de notre s\u00e9rie, l\u2019entreprise Fidag, fiduciaire romande de r\u00e9f\u00e9rence, d\u00e9voile en vid\u00e9o les \u00e9tapes de sa transition num\u00e9rique.<\/strong><\/p>\n<p>Soci\u00e9t\u00e9 d\u2019envergure qui compte plus de 130 collaborateurs et collaboratrices et pr\u00e8s de 10&#39;000 clients, <a href=\"https:\/\/www.fidag-sa.ch\/\" target=\"_blank\" rel=\"noopener\">Fidag<\/a> a entam\u00e9 son processus de digitalisation il y a une dizaine d\u2019ann\u00e9es. De la num\u00e9risation des courriers entrants \u00e0 la digitalisation de l\u2019ensemble des processus administratifs, l\u2019entreprise est fi\u00e8re d\u2019offrir aujourd\u2019hui des services digitaux \u00e0 ses clients. Ces derniers peuvent consulter leurs informations comptables de mani\u00e8re centralis\u00e9e et digitalis\u00e9e, en temps r\u00e9el. Deux mots pour d\u00e9crire la digitalisation chez Fidag ? Disponibilit\u00e9 et accessibilit\u00e9 !<\/p>\n<p>Dans la vid\u00e9o ci-dessous, l\u2019entreprise Fidag revient sur sa transformation digitale et illustre, de mani\u00e8re concr\u00e8te, ce que ces progr\u00e8s digitaux apportent \u00e0 son client l\u2019Abbaye de St-Maurice.\u00a0<\/p>\n<p>\u00a0<\/p>\n<p style=\"text-align: center;\"><iframe loading=\"lazy\" allow=\"accelerometer; autoplay; clipboard-write; encrypted-media; gyroscope; picture-in-picture\" allowfullscreen=\"\" frameborder=\"0\" height=\"315\" src=\"https:\/\/www.youtube.com\/embed\/Qf6x7lXP3IU\" title=\"YouTube video player\" width=\"560\"><\/iframe><\/p>\n<p><\/p>\n<p>\u00a0<\/p>\n","protected":false},"excerpt":{"rendered":"<p>La digitalisation, ph\u00e9nom\u00e8ne qui a pris une grande ampleur ces derni\u00e8res ann\u00e9es, touche aujourd\u2019hui tous les acteurs du tissu \u00e9conomique. Pour l\u2019illustrer, plusieurs PME valaisannes ont choisi de vous faire d\u00e9couvrir comment elles ont r\u00e9alis\u00e9, au sein de leur structure, une v\u00e9ritable transformation digitale. Pour le dernier \u00e9pisode de notre s\u00e9rie, l\u2019entreprise Fidag, fiduciaire romande [&hellip;]<\/p>\n","protected":false},"author":1,"featured_media":42894,"comment_status":"closed","ping_status":"closed","sticky":false,"template":"","format":"standard","meta":{"_acf_changed":false,"footnotes":""},"categories":[186],"tags":[],"class_list":["post-42893","post","type-post","status-publish","format-standard","has-post-thumbnail","hentry","category-digital"],"acf":[],"_links":{"self":[{"href":"https:\/\/theark.ch\/fr\/wp-json\/wp\/v2\/posts\/42893","targetHints":{"allow":["GET"]}}],"collection":[{"href":"https:\/\/theark.ch\/fr\/wp-json\/wp\/v2\/posts"}],"about":[{"href":"https:\/\/theark.ch\/fr\/wp-json\/wp\/v2\/types\/post"}],"author":[{"embeddable":true,"href":"https:\/\/theark.ch\/fr\/wp-json\/wp\/v2\/users\/1"}],"replies":[{"embeddable":true,"href":"https:\/\/theark.ch\/fr\/wp-json\/wp\/v2\/comments?post=42893"}],"version-history":[{"count":0,"href":"https:\/\/theark.ch\/fr\/wp-json\/wp\/v2\/posts\/42893\/revisions"}],"wp:featuredmedia":[{"embeddable":true,"href":"https:\/\/theark.ch\/fr\/wp-json\/wp\/v2\/media\/42894"}],"wp:attachment":[{"href":"https:\/\/theark.ch\/fr\/wp-json\/wp\/v2\/media?parent=42893"}],"wp:term":[{"taxonomy":"category","embeddable":true,"href":"https:\/\/theark.ch\/fr\/wp-json\/wp\/v2\/categories?post=42893"},{"taxonomy":"post_tag","embeddable":true,"href":"https:\/\/theark.ch\/fr\/wp-json\/wp\/v2\/tags?post=42893"}],"curies":[{"name":"wp","href":"https:\/\/api.w.org\/{rel}","templated":true}]}}