{"id":43057,"date":"2023-01-17T12:12:19","date_gmt":"2023-01-17T11:12:19","guid":{"rendered":"http:\/\/theark.ch\/news\/du-changement-a-la-tete-de-la-pme-valaisanne-membratec\/"},"modified":"2023-01-17T12:12:19","modified_gmt":"2023-01-17T10:12:19","slug":"du-changement-a-la-tete-de-la-pme-valaisanne-membratec","status":"publish","type":"post","link":"https:\/\/theark.ch\/fr\/news\/du-changement-a-la-tete-de-la-pme-valaisanne-membratec\/","title":{"rendered":"Du changement \u00e0 la t\u00eate de la PME valaisanne Membratec"},"content":{"rendered":"<p><strong>L\u2019un des pionniers du traitement de l\u2019eau en Valais tire sa r\u00e9v\u00e9rence, ou presque ! Emmanuel Bonvin, fondateur de la PME <a href=\"http:\/\/www.membratec.ch\" target=\"_blank\" rel=\"noopener\">Membratec SA<\/a>, bas\u00e9e \u00e0 Sierre, a quitt\u00e9 la direction op\u00e9rationnelle au d\u00e9but 2023. Bien qu\u2019il reste pr\u00e9sident du conseil d\u2019administration de la soci\u00e9t\u00e9, c\u2019est une page qui se tourne pour l\u2019entrepreneuriat en Valais et le domaine de l\u2019eau en particulier. Durant un quart de si\u00e8cle, Emmanuel Bonvin a fait \u00e9voluer, jusqu\u2019\u00e0 en faire une r\u00e9f\u00e9rence en Suisse et en France dans le domaine de l\u2019eau. C\u2019est Jean-Julien Dessimoz, form\u00e9 au sein de Membratec, qui prend sa succession.<\/strong><\/p>\n<p><\/p>\n<p>Emmanuel Bonvin est un entrepreneur passionn\u00e9 qui a accompagn\u00e9 et guid\u00e9 l\u2019\u00e9volution de son entreprise depuis ses d\u00e9buts en 1997. Pendant 25 ans, Membratec a ainsi \u00e9volu\u00e9 sous l\u2019impulsion d\u2019Emmanuel Bonvin pour devenir aujourd\u2019hui un acteur incontournable du monde de l\u2019eau potable en Suisse et en France. Les accomplissements vari\u00e9s et les nombreuses r\u00e9ussites de l\u2019entreprise t\u00e9moignent du succ\u00e8s de sa d\u00e9marche, pr\u00e9cise Membratec dans un communiqu\u00e9.<\/p>\n<p><\/p>\n<p><strong>Etape importante pour l\u2019entreprise<\/strong><\/p>\n<p>\u00c0 partir du 1er janvier 2023, Emmanuel Bonvin quitte la direction op\u00e9rationnelle de l\u2019entreprise. C\u2019est Jean-Julien Dessimoz, actif chez Membratec depuis 13 ans, qui prend la rel\u00e8ve au poste de directeur. Il a \u00e9volu\u00e9 au sein de l\u2019entreprise en tant qu\u2019ing\u00e9nieur de projet, charg\u00e9 d\u2019\u00e9tudes, puis directeur technique.<\/p>\n<p>Ce changement marque une \u00e9tape importante dans l\u2019\u00e9volution de notre entreprise. La diversit\u00e9 des comp\u00e9tences ainsi que l\u2019engagement des collaborateurs permettent \u00e0 la PME valaisanne d\u2019envisager l\u2019avenir avec s\u00e9r\u00e9nit\u00e9. La priorit\u00e9 de la nouvelle direction sera de maintenir Membratec en tant que partenaire fiable et comp\u00e9tent, de conserver le niveau de qualit\u00e9 qui fait sa force et de r\u00e9pondre aux attentes des clients et partenaires.<\/p>\n<p>\u00a0<\/p>\n<p><strong>Toujours impliqu\u00e9 via le conseil d\u2019administration<\/strong><\/p>\n<p>Bien qu\u2019il quitte la direction, Emmanuel Bonvin restera impliqu\u00e9 dans Membratec en qualit\u00e9 de pr\u00e9sident du Conseil d\u2019administration. Dans ses nouvelles fonctions, il continuera \u00e0 participer \u00e0 l\u2019essor de l\u2019entreprise dans des domaines qui lui sont chers tels que la recherche &#038; d\u00e9veloppement ainsi que la convergence avec <a href=\"https:\/\/www.alphawt.ch\/fr\/\" target=\"_blank\" rel=\"noopener\">ALPHA WasserTechnik AG<\/a>, l\u2019entreprise s\u0153ur de Membratec, active dans le domaine des eaux us\u00e9es et bas\u00e9e \u00e0 Nidau.<\/p>\n<p><\/p>\n<p><strong>Source et cr\u00e9dit photo<\/strong> : Membratec<\/p>\n","protected":false},"excerpt":{"rendered":"<p>L\u2019un des pionniers du traitement de l\u2019eau en Valais tire sa r\u00e9v\u00e9rence, ou presque ! Emmanuel Bonvin, fondateur de la PME Membratec SA, bas\u00e9e \u00e0 Sierre, a quitt\u00e9 la direction op\u00e9rationnelle au d\u00e9but 2023. Bien qu\u2019il reste pr\u00e9sident du conseil d\u2019administration de la soci\u00e9t\u00e9, c\u2019est une page qui se tourne pour l\u2019entrepreneuriat en Valais et [&hellip;]<\/p>\n","protected":false},"author":1,"featured_media":43058,"comment_status":"closed","ping_status":"closed","sticky":false,"template":"","format":"standard","meta":{"_acf_changed":false,"footnotes":""},"categories":[186],"tags":[],"class_list":["post-43057","post","type-post","status-publish","format-standard","has-post-thumbnail","hentry","category-digital"],"acf":[],"_links":{"self":[{"href":"https:\/\/theark.ch\/fr\/wp-json\/wp\/v2\/posts\/43057","targetHints":{"allow":["GET"]}}],"collection":[{"href":"https:\/\/theark.ch\/fr\/wp-json\/wp\/v2\/posts"}],"about":[{"href":"https:\/\/theark.ch\/fr\/wp-json\/wp\/v2\/types\/post"}],"author":[{"embeddable":true,"href":"https:\/\/theark.ch\/fr\/wp-json\/wp\/v2\/users\/1"}],"replies":[{"embeddable":true,"href":"https:\/\/theark.ch\/fr\/wp-json\/wp\/v2\/comments?post=43057"}],"version-history":[{"count":0,"href":"https:\/\/theark.ch\/fr\/wp-json\/wp\/v2\/posts\/43057\/revisions"}],"wp:featuredmedia":[{"embeddable":true,"href":"https:\/\/theark.ch\/fr\/wp-json\/wp\/v2\/media\/43058"}],"wp:attachment":[{"href":"https:\/\/theark.ch\/fr\/wp-json\/wp\/v2\/media?parent=43057"}],"wp:term":[{"taxonomy":"category","embeddable":true,"href":"https:\/\/theark.ch\/fr\/wp-json\/wp\/v2\/categories?post=43057"},{"taxonomy":"post_tag","embeddable":true,"href":"https:\/\/theark.ch\/fr\/wp-json\/wp\/v2\/tags?post=43057"}],"curies":[{"name":"wp","href":"https:\/\/api.w.org\/{rel}","templated":true}]}}