{"id":43127,"date":"2023-03-16T09:30:44","date_gmt":"2023-03-16T08:30:44","guid":{"rendered":"http:\/\/theark.ch\/news\/pas-encore-de-station-de-recharge-valaisanne-sur-la-lune\/"},"modified":"2023-03-16T09:30:44","modified_gmt":"2023-03-16T07:30:44","slug":"pas-encore-de-station-de-recharge-valaisanne-sur-la-lune","status":"publish","type":"post","link":"https:\/\/theark.ch\/fr\/news\/pas-encore-de-station-de-recharge-valaisanne-sur-la-lune\/","title":{"rendered":"Pas (encore) de station de recharge valaisanne sur la Lune"},"content":{"rendered":"<p><strong>Nous vous <a href=\"https:\/\/blog.theark.ch\/fr\/detail\/une-station-de-recharge-made-in-valais-bientot-sur-la-lune-11057\" target=\"_blank\">annoncions hier matin<\/a> que la start-up valaisanne <a href=\"http:\/\/www.wattanywhere.com\" target=\"_blank\" rel=\"noopener\">WattAnyWhere<\/a>, bas\u00e9e sur le Campus Energypolis et accompagn\u00e9e par la Fondation The Ark, \u00e9tait en discussion avec l\u2019entreprise am\u00e9ricaine SpaceX pour installer l\u2019une de ses stations de recharge pour v\u00e9hicules \u00e9lectriques sur la Lune. Cette information \u00e9tait un Poisson d\u2019avril. En revanche, la jeune pousse valaisanne travaille bien d\u2019arrache-pied \u00e0 la r\u00e9alisation d\u2019une station-pilote qui sera implant\u00e9e dans la r\u00e9gion de Sierre, avec le soutien du distributeur Oiken.<\/strong><\/p>\n<p><\/p>\n<p>Les fondateurs de la start-up ont en ligne de mire la croissance et les partenariats : \u00ab \u00c0 l&#39;heure actuelle, nous nous concentrons sur la croissance, l&#39;acc\u00e9l\u00e9ration de notre feuille de route de produits avec les fournisseurs et la collaboration \u00e9troite avec nos clients pour nous assurer que nous r\u00e9pondons \u00e0 leurs besoins et \u00e0 ceux d&#39;un march\u00e9 en constante \u00e9volution \u00bb, pr\u00e9cise Alexandre Laybros, l\u2019un des cofondateurs.<\/p>\n<p>\u00a0<\/p>\n<p><strong>Start-up \u00e9tablie \u00e0 Sion depuis 2021<\/strong><\/p>\n<p>WattAnyWhere a \u00e9t\u00e9 cofond\u00e9e par Didier Roux et Alexandre Laybros, tous deux ing\u00e9nieurs \u00e9lectriciens dipl\u00f4m\u00e9s de l&#39;Ecole Nationale Sup\u00e9rieure de l&#39;Electronique et de ses Applications (<a href=\"http:\/\/www.ensea.fr\" target=\"_blank\" rel=\"noopener\">ENSEA<\/a>). Ils ont \u00e9t\u00e9 rejoints par Philippe Ruez et Olivier de Bruijn, qui dirigent la R&#038;D, l&#39;int\u00e9gration des syst\u00e8mes, la validation et les activit\u00e9s li\u00e9es aux fournisseurs. Patrick Brennan (CFO) est quant \u00e0 lui responsable des planifications financi\u00e8re et strat\u00e9gique. L\u2019entreprise est \u00e9tablie depuis 2021 sur le Campus Energypolis et a int\u00e9gr\u00e9 depuis ses d\u00e9buts l\u2019Incubateur de start-up de la Fondation The Ark.<\/p>\n<p>\u00a0<\/p>\n<p><\/p>\n<p><strong>Informations compl\u00e9mentaires<\/strong> : <a href=\"http:\/\/ww.wattanywhere.com\" target=\"_blank\" rel=\"noopener\">www.wattanywhere.com<\/a><\/p>\n<p>\u00a0<\/p>\n","protected":false},"excerpt":{"rendered":"<p>Nous vous annoncions hier matin que la start-up valaisanne WattAnyWhere, bas\u00e9e sur le Campus Energypolis et accompagn\u00e9e par la Fondation The Ark, \u00e9tait en discussion avec l\u2019entreprise am\u00e9ricaine SpaceX pour installer l\u2019une de ses stations de recharge pour v\u00e9hicules \u00e9lectriques sur la Lune. Cette information \u00e9tait un Poisson d\u2019avril. En revanche, la jeune pousse valaisanne [&hellip;]<\/p>\n","protected":false},"author":1,"featured_media":43128,"comment_status":"closed","ping_status":"closed","sticky":false,"template":"","format":"standard","meta":{"_acf_changed":false,"footnotes":""},"categories":[186],"tags":[],"class_list":["post-43127","post","type-post","status-publish","format-standard","has-post-thumbnail","hentry","category-digital"],"acf":[],"_links":{"self":[{"href":"https:\/\/theark.ch\/fr\/wp-json\/wp\/v2\/posts\/43127","targetHints":{"allow":["GET"]}}],"collection":[{"href":"https:\/\/theark.ch\/fr\/wp-json\/wp\/v2\/posts"}],"about":[{"href":"https:\/\/theark.ch\/fr\/wp-json\/wp\/v2\/types\/post"}],"author":[{"embeddable":true,"href":"https:\/\/theark.ch\/fr\/wp-json\/wp\/v2\/users\/1"}],"replies":[{"embeddable":true,"href":"https:\/\/theark.ch\/fr\/wp-json\/wp\/v2\/comments?post=43127"}],"version-history":[{"count":0,"href":"https:\/\/theark.ch\/fr\/wp-json\/wp\/v2\/posts\/43127\/revisions"}],"wp:featuredmedia":[{"embeddable":true,"href":"https:\/\/theark.ch\/fr\/wp-json\/wp\/v2\/media\/43128"}],"wp:attachment":[{"href":"https:\/\/theark.ch\/fr\/wp-json\/wp\/v2\/media?parent=43127"}],"wp:term":[{"taxonomy":"category","embeddable":true,"href":"https:\/\/theark.ch\/fr\/wp-json\/wp\/v2\/categories?post=43127"},{"taxonomy":"post_tag","embeddable":true,"href":"https:\/\/theark.ch\/fr\/wp-json\/wp\/v2\/tags?post=43127"}],"curies":[{"name":"wp","href":"https:\/\/api.w.org\/{rel}","templated":true}]}}