{"id":43193,"date":"2023-05-03T11:43:08","date_gmt":"2023-05-03T09:43:08","guid":{"rendered":"http:\/\/theark.ch\/news\/silicom-group-acquiert-une-entreprise-fribourgeoise-et-atteint-la-barre-des-80-collaborateurs\/"},"modified":"2023-05-03T11:43:08","modified_gmt":"2023-05-03T09:43:08","slug":"silicom-group-acquiert-une-entreprise-fribourgeoise-et-atteint-la-barre-des-80-collaborateurs","status":"publish","type":"post","link":"https:\/\/theark.ch\/fr\/news\/silicom-group-acquiert-une-entreprise-fribourgeoise-et-atteint-la-barre-des-80-collaborateurs\/","title":{"rendered":"Silicom Group acquiert une entreprise fribourgeoise et atteint la barre des 80 collaborateurs"},"content":{"rendered":"<p><strong>La PME valaisanne <a href=\"https:\/\/silicom.group\/\" target=\"_blank\" rel=\"noopener\">Silicom Group<\/a>, sp\u00e9cialiste des services informatiques pour entreprises, s\u2019agrandit et consolide sa position en Suisse romande. Elle vient d\u2019acqu\u00e9rir Megahertz computer, un acteur fribourgeois \u00e9galement pr\u00e9sent sur ce segment. Ensemble, les deux entreprises repr\u00e9sentent un chiffre d\u2019affaires annuel de plus de 17 millions de francs, et plus de 80 collaborateurs r\u00e9partis sur les cantons de Gen\u00e8ve, Vaud, Valais, et Fribourg.<\/strong><\/p>\n<p><\/p>\n<p>Cette acquisition est qualifi\u00e9e de \u00ab mariage intelligent \u00bb par Bertrand Fournier, directeur de Silicom Group. Elle permet d\u2019\u00e9largir les comp\u00e9tences de Silicom Group, qui est ainsi encore plus \u00e0 m\u00eame de r\u00e9pondre au d\u00e9fi de la digitalisation des PME romandes.<\/p>\n<p>La digitalisation, ses avantages mais aussi ses risques, n\u2019\u00e9pargne plus aucun secteur d\u2019activit\u00e9 aujourd\u2019hui. Pour accompagner les entreprises romandes dans cette transformation in\u00e9luctable, Silicom Group propose ainsi, gr\u00e2ce \u00e0 l\u2019acquisition de Megahertz computer un service \u00ab pr\u00eat \u00e0 porter \u00bb. \u00ab La force de notre offre est de pouvoir aujourd\u2019hui servir n\u2019importe quelle entreprise romande gr\u00e2ce \u00e0 un service extr\u00eamement pragmatique qui r\u00e9pond exactement aux d\u00e9fis de la digitalisation rencontr\u00e9s par la plupart des PME. Avec Megahertz computer \u00e0 nos c\u00f4t\u00e9s, nous renfor\u00e7ons notre maillage territorial, et donc notre proximit\u00e9 terrain, au plus pr\u00e8s des besoins des acteurs. Nous affinons encore davantage notre offre gr\u00e2ce \u00e0 tout le travail r\u00e9alis\u00e9 depuis de nombreuses ann\u00e9es par Megahertz computer sur le m\u00eame segment que le n\u00f4tre \u00bb, explique Bertrand Fournier.<\/p>\n<p>\u00a0<\/p>\n<p><strong>De belles perspectives de croissance<\/strong><\/p>\n<p>Fabrice Cl\u00e9ment, directeur de Megaherz computer, rejoint la direction et l\u2019actionnariat de Silicom Group. Ensemble, les deux acteurs couvriront d\u00e8s lors toutes les solutions informatiques \u00e0 destination des entreprises : mise en place d\u2019outils permettant une plus grande efficience, maintenance informatique, en passant par la cybers\u00e9curit\u00e9 et la formation des \u00e9quipes \u00e0 la digitalisation.<\/p>\n<p><\/p>\n<p>Le tout, via 80 collaborateurs r\u00e9partis entre Gen\u00e8ve, Lausanne, Sion, Sembrancher et maintenant Fribourg avec le bureau de Megahertz computer sur place. Avec un CA annuel cumul\u00e9 de plus de 17 millions de francs suisses, ce rachat offre de belles perspectives de croissance<\/p>\n<p>.<\/p>\n<p><strong>Source <\/strong>: communiqu\u00e9 de presse<\/p>\n<p>\u00a0<\/p>\n","protected":false},"excerpt":{"rendered":"<p>La PME valaisanne Silicom Group, sp\u00e9cialiste des services informatiques pour entreprises, s\u2019agrandit et consolide sa position en Suisse romande. Elle vient d\u2019acqu\u00e9rir Megahertz computer, un acteur fribourgeois \u00e9galement pr\u00e9sent sur ce segment. Ensemble, les deux entreprises repr\u00e9sentent un chiffre d\u2019affaires annuel de plus de 17 millions de francs, et plus de 80 collaborateurs r\u00e9partis sur [&hellip;]<\/p>\n","protected":false},"author":1,"featured_media":43194,"comment_status":"closed","ping_status":"closed","sticky":false,"template":"","format":"standard","meta":{"_acf_changed":false,"footnotes":""},"categories":[186],"tags":[],"class_list":["post-43193","post","type-post","status-publish","format-standard","has-post-thumbnail","hentry","category-digital"],"acf":[],"_links":{"self":[{"href":"https:\/\/theark.ch\/fr\/wp-json\/wp\/v2\/posts\/43193","targetHints":{"allow":["GET"]}}],"collection":[{"href":"https:\/\/theark.ch\/fr\/wp-json\/wp\/v2\/posts"}],"about":[{"href":"https:\/\/theark.ch\/fr\/wp-json\/wp\/v2\/types\/post"}],"author":[{"embeddable":true,"href":"https:\/\/theark.ch\/fr\/wp-json\/wp\/v2\/users\/1"}],"replies":[{"embeddable":true,"href":"https:\/\/theark.ch\/fr\/wp-json\/wp\/v2\/comments?post=43193"}],"version-history":[{"count":0,"href":"https:\/\/theark.ch\/fr\/wp-json\/wp\/v2\/posts\/43193\/revisions"}],"wp:featuredmedia":[{"embeddable":true,"href":"https:\/\/theark.ch\/fr\/wp-json\/wp\/v2\/media\/43194"}],"wp:attachment":[{"href":"https:\/\/theark.ch\/fr\/wp-json\/wp\/v2\/media?parent=43193"}],"wp:term":[{"taxonomy":"category","embeddable":true,"href":"https:\/\/theark.ch\/fr\/wp-json\/wp\/v2\/categories?post=43193"},{"taxonomy":"post_tag","embeddable":true,"href":"https:\/\/theark.ch\/fr\/wp-json\/wp\/v2\/tags?post=43193"}],"curies":[{"name":"wp","href":"https:\/\/api.w.org\/{rel}","templated":true}]}}