{"id":43233,"date":"2023-06-02T13:32:42","date_gmt":"2023-06-02T11:32:42","guid":{"rendered":"http:\/\/theark.ch\/news\/une-voiture-de-course-electrique-defendra-les-couleurs-valaisannes-dans-trois-pays\/"},"modified":"2023-06-02T13:32:42","modified_gmt":"2023-06-02T11:32:42","slug":"une-voiture-de-course-electrique-defendra-les-couleurs-valaisannes-dans-trois-pays","status":"publish","type":"post","link":"https:\/\/theark.ch\/fr\/news\/une-voiture-de-course-electrique-defendra-les-couleurs-valaisannes-dans-trois-pays\/","title":{"rendered":"Une voiture de course \u00e9lectrique d\u00e9fendra les couleurs valaisannes dans trois pays"},"content":{"rendered":"<p><strong>Pas moins de 30 \u00e9tudiants en ing\u00e9nierie et en gestion de la <a href=\"http:\/\/www.hevs.ch\" target=\"_blank\" rel=\"noopener\">HES-SO Valais-Wallis<\/a> construisent patiemment, depuis de nombreuses semaines, une monoplace de course 100% \u00e9lectrique. Ces passionn\u00e9s d\u2019automobile se sont lanc\u00e9s dans une aventure un peu folle visant \u00e0 construire et concevoir une voiture de course et \u00e0 participer \u00e0 plusieurs courses internationales cet \u00e9t\u00e9. Apr\u00e8s plus de 10\u2019000 heures de travail, la voiture a \u00e9t\u00e9 pr\u00e9sent\u00e9e \u00e0 fin mai dernier lors du <a href=\"http:\/\/www.prixcreateursbcvs.ch\" target=\"_blank\" rel=\"noopener\">Prix Cr\u00e9ateurs BCVs<\/a> ainsi qu\u2019aux parents, sponsors et amis.<\/strong><\/p>\n<p><\/p>\n<p>L\u2019\u00e9quipe participera \u00e0 la plus grande comp\u00e9tition internationale d\u2019\u00e9tudiants : la \u00ab <a href=\"https:\/\/formulastudent.ch\/\" target=\"_blank\" rel=\"noopener\">Formula Student<\/a> \u00bb. Ce concours international d\u2019ing\u00e9nierie met en comp\u00e9tition des \u00e9quipes qui doivent concevoir, construire une monoplace \u00e9lectrique selon plusieurs crit\u00e8res de performance et s\u00e9curit\u00e9.<\/p>\n<p>Les \u00e9quipes seront \u00e9valu\u00e9es sur leur performance sur la piste (rapidit\u00e9 de la voiture) mais \u00e9galement leur pr\u00e9sentation du projet et la documentation technique. L\u2019\u00e9quipe participera \u00e9galement cet \u00e9t\u00e9 \u00e0 trois courses, en Valais dans la vall\u00e9e de Conches, en Espagne et en Croatie.<\/p>\n<p><\/p>\n<p>Ce projet concret, soutenu par de nombreuses entreprises et institutions valaisannes, permettra notamment aux \u00e9tudiants de mettre \u00e0 l&#39;\u00e9preuve et d\u00e9montrer leurs comp\u00e9tences en ing\u00e9nierie.<\/p>\n<p><\/p>\n<p><strong>Informations compl\u00e9mentaires<\/strong> : <a href=\"http:\/\/www.vrt-fs.ch\" target=\"_blank\" rel=\"noopener\">www.vrt-fs.ch<\/a><\/p>\n<p><strong>Source<\/strong> : communiqu\u00e9 de presse Valais Racing Team<\/p>\n<p>\u00a0<\/p>\n","protected":false},"excerpt":{"rendered":"<p>Pas moins de 30 \u00e9tudiants en ing\u00e9nierie et en gestion de la HES-SO Valais-Wallis construisent patiemment, depuis de nombreuses semaines, une monoplace de course 100% \u00e9lectrique. Ces passionn\u00e9s d\u2019automobile se sont lanc\u00e9s dans une aventure un peu folle visant \u00e0 construire et concevoir une voiture de course et \u00e0 participer \u00e0 plusieurs courses internationales cet [&hellip;]<\/p>\n","protected":false},"author":1,"featured_media":43234,"comment_status":"closed","ping_status":"closed","sticky":false,"template":"","format":"standard","meta":{"_acf_changed":false,"footnotes":""},"categories":[186],"tags":[],"class_list":["post-43233","post","type-post","status-publish","format-standard","has-post-thumbnail","hentry","category-digital"],"acf":[],"_links":{"self":[{"href":"https:\/\/theark.ch\/fr\/wp-json\/wp\/v2\/posts\/43233","targetHints":{"allow":["GET"]}}],"collection":[{"href":"https:\/\/theark.ch\/fr\/wp-json\/wp\/v2\/posts"}],"about":[{"href":"https:\/\/theark.ch\/fr\/wp-json\/wp\/v2\/types\/post"}],"author":[{"embeddable":true,"href":"https:\/\/theark.ch\/fr\/wp-json\/wp\/v2\/users\/1"}],"replies":[{"embeddable":true,"href":"https:\/\/theark.ch\/fr\/wp-json\/wp\/v2\/comments?post=43233"}],"version-history":[{"count":0,"href":"https:\/\/theark.ch\/fr\/wp-json\/wp\/v2\/posts\/43233\/revisions"}],"wp:featuredmedia":[{"embeddable":true,"href":"https:\/\/theark.ch\/fr\/wp-json\/wp\/v2\/media\/43234"}],"wp:attachment":[{"href":"https:\/\/theark.ch\/fr\/wp-json\/wp\/v2\/media?parent=43233"}],"wp:term":[{"taxonomy":"category","embeddable":true,"href":"https:\/\/theark.ch\/fr\/wp-json\/wp\/v2\/categories?post=43233"},{"taxonomy":"post_tag","embeddable":true,"href":"https:\/\/theark.ch\/fr\/wp-json\/wp\/v2\/tags?post=43233"}],"curies":[{"name":"wp","href":"https:\/\/api.w.org\/{rel}","templated":true}]}}