{"id":43301,"date":"2023-07-10T10:00:12","date_gmt":"2023-07-10T08:00:12","guid":{"rendered":"http:\/\/theark.ch\/news\/participez-a-lappel-a-projets-du-swiss-accelerator-2023\/"},"modified":"2023-07-10T10:00:12","modified_gmt":"2023-07-10T08:00:12","slug":"participez-a-lappel-a-projets-du-swiss-accelerator-2023","status":"publish","type":"post","link":"https:\/\/theark.ch\/fr\/news\/participez-a-lappel-a-projets-du-swiss-accelerator-2023\/","title":{"rendered":"Participez \u00e0 l\u2019appel \u00e0 projets du Swiss Accelerator 2023 !"},"content":{"rendered":"<p><strong>Les PME et start-up suisses peuvent demander un soutien financier direct pour des projets d\u2019innovation dans le cadre du <a href=\"https:\/\/www.innosuisse.ch\/inno\/fr\/home\/encouragement-de-projets-nationaux\/swiss-accelerator.html\" target=\"_blank\" rel=\"noopener\">Swiss Accelerator<\/a>, mis sur pied par Innosuisse. Les produits et services novateurs doivent pouvoir \u00eatre mis en \u0153uvre rapidement et efficacement, et permettre une mont\u00e9e en puissance. Innosuisse a introduit le Swiss Accelerator en 2022 et lance en 2023 son second appel \u00e0 projets. Les projets sont \u00e0 soumettre d\u2019ici le 9 octobre prochain.\u00a0<\/strong><\/p>\n<p>Le Swiss Accelerator fait partie des mesures transitoires pour Horizon Europe, conform\u00e9ment \u00e0 la d\u00e9cision du Conseil f\u00e9d\u00e9ral du 24 mai 2023. La Suisse \u00e9tant consid\u00e9r\u00e9e comme un pays tiers non associ\u00e9 au programme-cadre de l&#39;Union europ\u00e9enne, le Conseil f\u00e9d\u00e9ral a confi\u00e9 \u00e0 <a href=\"https:\/\/www.innosuisse.ch\/inno\/fr\/home.html\" target=\"_blank\" rel=\"noopener\">Innosuisse<\/a>\u00a0la mise en \u0153uvre de cette mesure transitoire. Elle est financ\u00e9e par la Conf\u00e9d\u00e9ration.<\/p>\n<p>La contribution d\u2019Innosuisse ne peut pas d\u00e9passer 70% des co\u00fbts du projet. L\u2019entreprise est responsable de 30% des co\u00fbts \u00e0 titre de prestation propre. L\u2019encouragement d\u2019Innosuisse ne peut pas d\u00e9passer 2,5 millions de francs suisses par demande. Les PME et les start-up \u00e9tablies sur le march\u00e9 sont soumises \u00e0 une proc\u00e9dure de demande en trois \u00e9tapes.<\/p>\n<p><strong>Jusqu\u2019au 9 octobre pour d\u00e9poser les demandes<\/strong><\/p>\n<p>Les PME et start-up int\u00e9ress\u00e9es ont jusqu\u2019au 9 octobre prochain pour soumettre leurs demandes, via le portail <a href=\"https:\/\/www.innosuisse.ch\/inno\/fr\/home\/a-propos\/portail-soumission.html\" target=\"_blank\" rel=\"noopener\">Innolink<\/a>. Ce dernier sera ouvert d\u00e8s le 28 ao\u00fbt. A noter que le Swiss Accelerator est destin\u00e9 uniquement aux PME et aux start-up qui sont d\u00e9j\u00e0 actives sur le march\u00e9. Pour les start-up non actives encore sur le march\u00e9, InnoSuisse propose des projets d\u2019innovation pour start-up.\u00a0<\/p>\n<p>Les condition et crit\u00e8res d&#39;\u00e9valuation d\u00e9taill\u00e9s se trouvent sur ce lien : <a href=\"https:\/\/www.innosuisse.ch\/inno\/fr\/home\/encouragement-de-projets-nationaux\/swiss-accelerator\/demande-simplifiee.html\" target=\"_blank\" rel=\"noopener\">ici<\/a>.<\/p>\n","protected":false},"excerpt":{"rendered":"<p>Les PME et start-up suisses peuvent demander un soutien financier direct pour des projets d\u2019innovation dans le cadre du Swiss Accelerator, mis sur pied par Innosuisse. Les produits et services novateurs doivent pouvoir \u00eatre mis en \u0153uvre rapidement et efficacement, et permettre une mont\u00e9e en puissance. Innosuisse a introduit le Swiss Accelerator en 2022 et [&hellip;]<\/p>\n","protected":false},"author":1,"featured_media":43302,"comment_status":"closed","ping_status":"closed","sticky":false,"template":"","format":"standard","meta":{"_acf_changed":false,"footnotes":""},"categories":[186],"tags":[],"class_list":["post-43301","post","type-post","status-publish","format-standard","has-post-thumbnail","hentry","category-digital"],"acf":[],"_links":{"self":[{"href":"https:\/\/theark.ch\/fr\/wp-json\/wp\/v2\/posts\/43301","targetHints":{"allow":["GET"]}}],"collection":[{"href":"https:\/\/theark.ch\/fr\/wp-json\/wp\/v2\/posts"}],"about":[{"href":"https:\/\/theark.ch\/fr\/wp-json\/wp\/v2\/types\/post"}],"author":[{"embeddable":true,"href":"https:\/\/theark.ch\/fr\/wp-json\/wp\/v2\/users\/1"}],"replies":[{"embeddable":true,"href":"https:\/\/theark.ch\/fr\/wp-json\/wp\/v2\/comments?post=43301"}],"version-history":[{"count":0,"href":"https:\/\/theark.ch\/fr\/wp-json\/wp\/v2\/posts\/43301\/revisions"}],"wp:featuredmedia":[{"embeddable":true,"href":"https:\/\/theark.ch\/fr\/wp-json\/wp\/v2\/media\/43302"}],"wp:attachment":[{"href":"https:\/\/theark.ch\/fr\/wp-json\/wp\/v2\/media?parent=43301"}],"wp:term":[{"taxonomy":"category","embeddable":true,"href":"https:\/\/theark.ch\/fr\/wp-json\/wp\/v2\/categories?post=43301"},{"taxonomy":"post_tag","embeddable":true,"href":"https:\/\/theark.ch\/fr\/wp-json\/wp\/v2\/tags?post=43301"}],"curies":[{"name":"wp","href":"https:\/\/api.w.org\/{rel}","templated":true}]}}