{"id":43353,"date":"2023-09-25T13:26:07","date_gmt":"2023-09-25T11:26:07","guid":{"rendered":"http:\/\/theark.ch\/news\/le-groupe-ansam-acquiert-lentreprise-sedunoise-bip-informatique\/"},"modified":"2023-09-25T13:26:07","modified_gmt":"2023-09-25T11:26:07","slug":"le-groupe-ansam-acquiert-lentreprise-sedunoise-bip-informatique","status":"publish","type":"post","link":"https:\/\/theark.ch\/fr\/news\/le-groupe-ansam-acquiert-lentreprise-sedunoise-bip-informatique\/","title":{"rendered":"Le Groupe ANSAM acquiert l\u2019entreprise s\u00e9dunoise BIP informatique"},"content":{"rendered":"<p><strong>Le <a href=\"https:\/\/www.ansam.ch\/\" target=\"_blank\" rel=\"noopener\">Groupe ANSAM<\/a> poursuit son expansion en Suisse romande avec l&#39;acquisition de <a href=\"https:\/\/www.bipinformatique.ch\/\" target=\"_blank\" rel=\"noopener\">BIP Informatique<\/a>, un prestataire de services informatiques bas\u00e9 \u00e0 Sion. ANSAM renforce ainsi sa pr\u00e9sence en Valais et sa strat\u00e9gie de proximit\u00e9 pour les services aux PME.<\/strong><\/p>\n<p>\u00a0<\/p>\n<p>Bas\u00e9e \u00e0 Sion, la PME BIP Informatique rejoint le Groupe ANSAM qui renforce ainsi ses activit\u00e9s et son empreinte en Valais. D\u00e9j\u00e0 fort d&#39;une \u00e9quipe de plus de dix collaborateurs dans le chef-lieu valaisan, le Groupe ANSAM continue sa croissance locale au travers de cette acquisition.<\/p>\n<p>BIP Informatique propose une gamme compl\u00e8te de services informatiques, de la gestion des syst\u00e8mes \u00e0 la s\u00e9curit\u00e9, ainsi que des capacit\u00e9s \u00e9prouv\u00e9es de revente de mat\u00e9riels et licences informatiques entre autres au travers du <a href=\"https:\/\/achats-pair.ch\/\" target=\"_blank\" rel=\"noopener\">Partenariat des Achats Informatiques Romands<\/a> (PAIR).<\/p>\n<p>\u00a0<\/p>\n<p><strong>Acc\u00e9l\u00e9rer la croissance en Valais<\/strong><\/p>\n<p>\u00ab\u2009En combinant les comp\u00e9tences des collaborateurs de BIP et une base client\u00e8le de qualit\u00e9 avec l&#39;approche entrepreneuriale et les processus m\u00e9tiers d&#39;ANSAM, nous nous donnons toutes les chances d&#39;acc\u00e9l\u00e9rer notre croissance en Valais \u00bb, explique Nicolas Fulpius, CEO du Groupe ANSAM. \u00ab\u2009Nous allons aussi profiter de cette pr\u00e9sence locale renforc\u00e9e pour d\u00e9velopper un centre r\u00e9gional pour les petites entreprises avec nos offres Idros\u2009\u00bb.<\/p>\n<p>L&#39;acquisition est effective imm\u00e9diatement. L&#39;\u00e9quipe de BIP Informatique et le Groupe ANSAM assureront d\u00e8s \u00e0 pr\u00e9sent et ensemble le suivi de leurs clients pour leur faire b\u00e9n\u00e9ficier de l&#39;expertise du groupe correspondant le mieux \u00e0 leurs besoins individuels.<\/p>\n<p>\u00a0<\/p>\n<p><strong>\u00c0 propos d&#39;ANSAM<\/strong><\/p>\n<p>Le Groupe ANSAM, fond\u00e9 en 2020 par un groupe d\u2019entrepreneurs chevronn\u00e9s, est un des leaders des services informatiques en Suisse romande. Avec une offre \u00e0 IT 360\u00b0, ANSAM sert les entreprises romandes localement avec des prestations de conseil, de r\u00e9alisation et d\u2019op\u00e9rations.<\/p>\n<p>Guid\u00e9 par le souci de la qualit\u00e9 et de la satisfaction client, le groupe a pour mission de transformer l\u2019IT en une r\u00e9elle valeur ajout\u00e9e business. Le Groupe ANSAM est bas\u00e9 \u00e0 Nyon et emploie plus de 200 collaborateurs dans ses bureaux de Chexbres, Gen\u00e8ve, Nyon et Sion.<\/p>\n<p>\u00a0<\/p>\n<p><strong>Source\u2009:<\/strong> communiqu\u00e9 de presse<\/p>\n<p><strong>Cr\u00e9dit photo :\u00a0<\/strong>Scott Graham, Unsplash<\/p>\n<p>\u00a0<\/p>\n","protected":false},"excerpt":{"rendered":"<p>Le Groupe ANSAM poursuit son expansion en Suisse romande avec l&#39;acquisition de BIP Informatique, un prestataire de services informatiques bas\u00e9 \u00e0 Sion. ANSAM renforce ainsi sa pr\u00e9sence en Valais et sa strat\u00e9gie de proximit\u00e9 pour les services aux PME. \u00a0 Bas\u00e9e \u00e0 Sion, la PME BIP Informatique rejoint le Groupe ANSAM qui renforce ainsi ses [&hellip;]<\/p>\n","protected":false},"author":1,"featured_media":43354,"comment_status":"closed","ping_status":"closed","sticky":false,"template":"","format":"standard","meta":{"_acf_changed":false,"footnotes":""},"categories":[186],"tags":[],"class_list":["post-43353","post","type-post","status-publish","format-standard","has-post-thumbnail","hentry","category-digital"],"acf":[],"_links":{"self":[{"href":"https:\/\/theark.ch\/fr\/wp-json\/wp\/v2\/posts\/43353","targetHints":{"allow":["GET"]}}],"collection":[{"href":"https:\/\/theark.ch\/fr\/wp-json\/wp\/v2\/posts"}],"about":[{"href":"https:\/\/theark.ch\/fr\/wp-json\/wp\/v2\/types\/post"}],"author":[{"embeddable":true,"href":"https:\/\/theark.ch\/fr\/wp-json\/wp\/v2\/users\/1"}],"replies":[{"embeddable":true,"href":"https:\/\/theark.ch\/fr\/wp-json\/wp\/v2\/comments?post=43353"}],"version-history":[{"count":0,"href":"https:\/\/theark.ch\/fr\/wp-json\/wp\/v2\/posts\/43353\/revisions"}],"wp:featuredmedia":[{"embeddable":true,"href":"https:\/\/theark.ch\/fr\/wp-json\/wp\/v2\/media\/43354"}],"wp:attachment":[{"href":"https:\/\/theark.ch\/fr\/wp-json\/wp\/v2\/media?parent=43353"}],"wp:term":[{"taxonomy":"category","embeddable":true,"href":"https:\/\/theark.ch\/fr\/wp-json\/wp\/v2\/categories?post=43353"},{"taxonomy":"post_tag","embeddable":true,"href":"https:\/\/theark.ch\/fr\/wp-json\/wp\/v2\/tags?post=43353"}],"curies":[{"name":"wp","href":"https:\/\/api.w.org\/{rel}","templated":true}]}}