{"id":43383,"date":"2023-10-16T09:31:16","date_gmt":"2023-10-16T07:31:16","guid":{"rendered":"http:\/\/theark.ch\/news\/prokilowatt-soutient-de-nouveaux-projets-et-programmes-energetiques-en-2023\/"},"modified":"2023-10-16T09:31:16","modified_gmt":"2023-10-16T07:31:16","slug":"prokilowatt-soutient-de-nouveaux-projets-et-programmes-energetiques-en-2023","status":"publish","type":"post","link":"https:\/\/theark.ch\/fr\/news\/prokilowatt-soutient-de-nouveaux-projets-et-programmes-energetiques-en-2023\/","title":{"rendered":"ProKilowatt soutient de nouveaux projets et programmes \u00e9nerg\u00e9tiques en 2023"},"content":{"rendered":"<p><strong>En 2023, les quatorzi\u00e8mes appels d\u2019offres publics visant \u00e0 diminuer la consommation d\u2019\u00e9lectricit\u00e9 dans l\u2019industrie, les services et les m\u00e9nages ont \u00e9t\u00e9 organis\u00e9s sous l\u2019\u00e9gide de ProKilowatt. Au total, huit nouveaux programmes ont obtenu un soutien, alors que 67 projets avaient d\u00e9j\u00e0 re\u00e7u un subventionnement \u00e0 fin septembre dernier. \u00a0Un record de demandes (113) a \u00e9t\u00e9 enregistr\u00e9 cette ann\u00e9e pour les projets, preuve de la pertinence de cet outil de soutien aux \u00e9conomies d\u2019\u00e9lectricit\u00e9. Le nouvel appel d\u2019offres d\u00e9bute le 6 novembre prochain.\u00a0<\/strong><\/p>\n<p>ProKilowatt, un programme de l\u2019<a href=\"https:\/\/www.bfe.admin.ch\/bfe\/fr\/home\/mesures-d-encouragement\/efficacite-energetique\/appels-offres-publics-prokilowatt.html\" target=\"_blank\" rel=\"noopener\">Office f\u00e9d\u00e9ral de l\u2019\u00e9nergie<\/a> (OFEN), veut inciter les industries, les entreprises de services et les m\u00e9nages en Suisse \u00e0 remplacer les installations \u00e9lectriques \u00e9nergivores par des plus efficientes et ainsi diminuer leur consommation \u00e9lectrique. Pour y arriver, le programme octroie une aide financi\u00e8re pour les remplacements des installations \u00e9lectriques non rentables (payback de plus de 4 ans). L\u2019aide peut atteindre jusqu\u2019\u00e0 30% des co\u00fbts d\u2019investissement.<\/p>\n<p>\u00a0<\/p>\n<p><strong>Les nouveaux programmes soutenus<\/strong><\/p>\n<p>Les entreprises, les associations professionnelles et les institutions publiques peuvent mettre en place un programme ProKilowatt pour permettre \u00e0 des tiers de renouveler leurs installations \u00e9lectriques \u00e0 moindre co\u00fbt. Lors des quatorzi\u00e8mes appels d\u2019offres publics, 12 demandes de programmes sont parvenues \u00e0 ProKilowatt. Parmi elles, 8 programmes ont obtenu une contribution de soutien pour un montant total de 15 millions de francs. Ce soutien financier permettra aux porteurs de programmes de financer l\u2019ex\u00e9cution du programme et de r\u00e9tribuer le public cible pour le remplacement des nouvelles installations \u00e9lectriques.\u00a0<\/p>\n<p>Parmi les nouveaux programmes soutenus figure par exemple celui qui soutient les mesures d\u2019am\u00e9lioration de l\u2019efficience de l&#39;\u00e9clairage des terrains de football. Il contribuera, \u00e0 l&#39;\u00e9chelle nationale, \u00e0 remplacer les installations d&#39;\u00e9clairage de quelque 500 terrains de football par des projecteurs LED efficients \u00e0 intensit\u00e9 r\u00e9glable. Comme les nouveaux projecteurs LED seront r\u00e9glables, l&#39;\u00e9clairage pourra \u00eatre adapt\u00e9 tr\u00e8s finement aux diff\u00e9rentes utilisations, comme \u00ab match \u00bb ou \u00ab entra\u00eenement \u00bb.<\/p>\n<p>Les autres nouveaux programmes soutenus concernent une palette de th\u00e9matiques, allant du soutien aux entreprises de l&#39;industrie des peintures et des vernis dans le remplacement de leurs installations \u00e9lectriques au remplacement d&#39;appareils de cuisine professionnels par des mod\u00e8les plus efficients.\u00a0<\/p>\n<p>\u00a0<\/p>\n<p><strong>Appel \u00e0 projets 2023 : de nouveaux records<\/strong><\/p>\n<p>Si les co\u00fbts d\u2019investissement pour remplacer des installations \u00e9lectriques \u00e9nergivores par des plus efficientes sont estim\u00e9s entre 70&#39;000 et 2 millions de francs, il est possible de demander un soutien financier de type \u00ab projet \u00bb aupr\u00e8s de ProKilowatt.<\/p>\n<p>Fin septembre, 113 demandes de projets ont \u00e9t\u00e9 d\u00e9pos\u00e9es, un chiffre jamais atteint auparavant. 67 projets ont re\u00e7u une promesse de soutien pour un montant total de 17 millions de francs. L&#39;appel \u00e0 projets 2023 bat \u00e9galement des records en ce qui concerne le montant total des subventions d\u00e9j\u00e0 accord\u00e9es et le nombre de requ\u00eates accept\u00e9es. L&#39;\u00e9ventail th\u00e9matique des nouveaux projets soutenus va de l&#39;assainissement \u00e9nerg\u00e9tique de l&#39;\u00e9clairage du bloc op\u00e9ratoire et des urgences d&#39;un grand h\u00f4pital au remplacement de l&#39;entra\u00eenement d&#39;une t\u00e9l\u00e9cabine, en passant par l&#39;optimisation des a\u00e9rateurs d&#39;une entreprise de traitement des d\u00e9chets. <a href=\"https:\/\/prokw.ch\/demander-un-soutien\/\" target=\"_blank\" rel=\"noopener\">Les demandes de projets pour les appels d&#39;offres 2023<\/a> peuvent encore \u00eatre d\u00e9pos\u00e9es jusqu&#39;au 5 novembre 2023.<\/p>\n<p>\u00a0<\/p>\n<p><strong>Lancement des appels d&#39;offres 2024\u00a0<\/strong><\/p>\n<p>L&#39;ouverture des appels d&#39;offres 2024 aura lieu le 6 novembre 2023. Les demandes de soutien pour les projets avec une contribution d&#39;encouragement jusqu&#39;\u00e0 deux millions de francs au maximum peuvent \u00eatre soumises \u00e0 n&#39;importe quel moment jusqu&#39;au 3 novembre 2024. Les demandes de soutien pour des projets avec des subsides entre deux et six millions de francs doivent \u00eatre transmises au plus tard le 12 avril 2024 et les demandes pour la mise en place de nouveaux programmes au plus tard le 29 avril 2024.<\/p>\n<p>Les possibilit\u00e9s de soutien de ProKilowatt ainsi que les conditions des appels d&#39;offres 2024 seront expliqu\u00e9es en d\u00e9tails lors d\u2019un webinaire, le 21 novembre 2023. Les informations sur les futurs webinaires seront publi\u00e9es sur <a href=\"https:\/\/prokw.ch\/\" target=\"_blank\" rel=\"noopener\">www.prokilowatt.ch<\/a> (dans l&#39;encadr\u00e9 gris \u00ab actualit\u00e9s \u00bb) d\u00e8s l\u2019ouverture des appels d\u2019offres 2024.<\/p>\n<p>\u00a0<\/p>\n<p><strong>Source :<\/strong> communiqu\u00e9 de presse de l\u2019OFEN<\/p>\n<p>\u00a0<\/p>\n","protected":false},"excerpt":{"rendered":"<p>En 2023, les quatorzi\u00e8mes appels d\u2019offres publics visant \u00e0 diminuer la consommation d\u2019\u00e9lectricit\u00e9 dans l\u2019industrie, les services et les m\u00e9nages ont \u00e9t\u00e9 organis\u00e9s sous l\u2019\u00e9gide de ProKilowatt. Au total, huit nouveaux programmes ont obtenu un soutien, alors que 67 projets avaient d\u00e9j\u00e0 re\u00e7u un subventionnement \u00e0 fin septembre dernier. \u00a0Un record de demandes (113) a [&hellip;]<\/p>\n","protected":false},"author":1,"featured_media":43384,"comment_status":"closed","ping_status":"closed","sticky":false,"template":"","format":"standard","meta":{"_acf_changed":false,"footnotes":""},"categories":[194],"tags":[],"class_list":["post-43383","post","type-post","status-publish","format-standard","has-post-thumbnail","hentry","category-event"],"acf":[],"_links":{"self":[{"href":"https:\/\/theark.ch\/fr\/wp-json\/wp\/v2\/posts\/43383","targetHints":{"allow":["GET"]}}],"collection":[{"href":"https:\/\/theark.ch\/fr\/wp-json\/wp\/v2\/posts"}],"about":[{"href":"https:\/\/theark.ch\/fr\/wp-json\/wp\/v2\/types\/post"}],"author":[{"embeddable":true,"href":"https:\/\/theark.ch\/fr\/wp-json\/wp\/v2\/users\/1"}],"replies":[{"embeddable":true,"href":"https:\/\/theark.ch\/fr\/wp-json\/wp\/v2\/comments?post=43383"}],"version-history":[{"count":0,"href":"https:\/\/theark.ch\/fr\/wp-json\/wp\/v2\/posts\/43383\/revisions"}],"wp:featuredmedia":[{"embeddable":true,"href":"https:\/\/theark.ch\/fr\/wp-json\/wp\/v2\/media\/43384"}],"wp:attachment":[{"href":"https:\/\/theark.ch\/fr\/wp-json\/wp\/v2\/media?parent=43383"}],"wp:term":[{"taxonomy":"category","embeddable":true,"href":"https:\/\/theark.ch\/fr\/wp-json\/wp\/v2\/categories?post=43383"},{"taxonomy":"post_tag","embeddable":true,"href":"https:\/\/theark.ch\/fr\/wp-json\/wp\/v2\/tags?post=43383"}],"curies":[{"name":"wp","href":"https:\/\/api.w.org\/{rel}","templated":true}]}}