{"id":43397,"date":"2023-10-23T18:02:16","date_gmt":"2023-10-23T16:02:16","guid":{"rendered":"http:\/\/theark.ch\/news\/tedxmartigny-2023-un-evenement-qui-invite-a-linspiration-et-a-la-reflexion\/"},"modified":"2023-10-23T18:02:16","modified_gmt":"2023-10-23T16:02:16","slug":"tedxmartigny-2023-un-evenement-qui-invite-a-linspiration-et-a-la-reflexion","status":"publish","type":"post","link":"https:\/\/theark.ch\/fr\/news\/tedxmartigny-2023-un-evenement-qui-invite-a-linspiration-et-a-la-reflexion\/","title":{"rendered":"TEDxMartigny 2023, un \u00e9v\u00e9nement qui invite \u00e0 l&rsquo;inspiration et \u00e0 la r\u00e9flexion"},"content":{"rendered":"<p><strong>Le <a href=\"https:\/\/www.tedxmartigny.ch\/\" target=\"_blank\" rel=\"noopener\">TEDxMartigny<\/a> est de retour en 2023 avec une \u00e9dition exceptionnelle, promettant d&#39;inspirer et de susciter la r\u00e9flexion. Cette initiative locale vise \u00e0 partager des id\u00e9es inspirantes et des histoires puissantes au sein de la communaut\u00e9 r\u00e9gionale et au-del\u00e0. Apr\u00e8s une \u00e9dition \u00e0 guichet ferm\u00e9 l&#39;ann\u00e9e derni\u00e8re, cet \u00e9v\u00e9nement tr\u00e8s attendu aura lieu au Th\u00e9\u00e2tre Alambic de Martigny le mercredi 8 novembre 2023.<\/strong><\/p>\n<p><strong>\u00ab\u00a0Ressources\u00a0\u00bb : La th\u00e9matique de l&#39;ann\u00e9e<\/strong><\/p>\n<p>Le TEDxMartigny 2023 explore le th\u00e8me fascinant des \u00ab\u00a0Ressources\u00a0\u00bb. Dans un monde en constante \u00e9volution, o\u00f9 les d\u00e9fis environnementaux, \u00e9conomiques et sociaux sont omnipr\u00e9sents, il est essentiel de\u00a0comprendre\u00a0comment exploiter et g\u00e9rer nos ressources de mani\u00e8re plus intelligente et durable. Cette ann\u00e9e, six intervenants guideront les participants dans cette r\u00e9flexion cruciale.<\/p>\n<p><\/p>\n<p><strong>Un groupe diversifi\u00e9 de penseurs et d&#39;innovateurs<\/strong><\/p>\n<ul>\n<li><strong>Martina Chyba <\/strong>&#8211;<strong>\u00a0<\/strong>Journaliste suisse renomm\u00e9e et auteure de quatre romans, Martina est passionn\u00e9e par les beaux-arts et apporte son regard unique sur les ressources cr\u00e9atives.<\/li>\n<li><strong>Olivier Ferrari\u00a0<\/strong>&#8211; Sp\u00e9cialiste de la finance et du d\u00e9veloppement durable en Suisse, \u00e9crivain, conf\u00e9rencier et philanthrope, Olivier nous \u00e9clairera sur la gestion des ressources de notre plan\u00e8te pour un avenir plus durable.<\/li>\n<li><strong>Alain Woeffray <\/strong>&#8211;<strong>\u00a0<\/strong>Expert de l&#39;innovation et de l&#39;ing\u00e9nierie pragmatique, Alain est engag\u00e9 dans la promotion des technologies et la r\u00e9solution de probl\u00e8mes r\u00e9els gr\u00e2ce \u00e0 l&#39;utilisation judicieuse des ressources.<\/li>\n<li><strong>Christian Salamin<\/strong> &#8211; Passionn\u00e9 de cyclisme et multi-entrepreneur dans le domaine informatique, Christian a relev\u00e9 le d\u00e9fi extraordinaire de parcourir 5 400 kilom\u00e8tres en tricycle apr\u00e8s un accident c\u00e9r\u00e9bral, d\u00e9montrant ainsi la force incroyable des ressources personnelles.<\/li>\n<li><strong>Zohre Bayat <\/strong>&#8211;\u00a0Originaire d&#39;Afghanistan, Zohre a fui la violence et l&#39;oppression pour trouver refuge en Suisse, o\u00f9 elle a d\u00e9couvert la course \u00e0 pied qui a transform\u00e9 sa vie. Son histoire poignante mettra en lumi\u00e8re le pouvoir de la r\u00e9silience et des ressources humaines.<\/li>\n<li><strong>Sue Putallaz <\/strong>&#8211;\u00a0PDG de <a href=\"https:\/\/mobyfly.com\/\" target=\"_blank\" rel=\"noopener\">MobyFly<\/a>, une entreprise pionni\u00e8re dans les bateaux \u00e0 z\u00e9ro \u00e9mission, Sue nous montrera comment l&#39;innovation peut exploiter les ressources naturelles de mani\u00e8re responsable pour changer notre mani\u00e8re de nous d\u00e9placer sur l&#39;eau.<\/li>\n<\/ul>\n<p><\/p>\n<p><strong>Les moments forts de l&#39;\u00e9v\u00e9nement<\/strong><\/p>\n<p>Cette \u00e9dition du TEDxMartigny promet de marquer les esprits avec son espace innovation o\u00f9\u00a0plus de 20 start-up seront pr\u00e9sentes (pitch start-up, projets R&#038;D, exp\u00e9rimentation, matchmaking), son mod\u00e9rateur chevronn\u00e9\u00a0en la personne de\u00a0Paul Wang, son ap\u00e9ritif dinatoire permettant aux participants de discuter et de r\u00e9seauter dans une ambiance conviviale ou encore \u00e0 travers une exp\u00e9rience immersive dans\u00a0l&#39;Intelligence Artificielle.<\/p>\n<p>Un \u00e9v\u00e9nement inspirant \u00e0 ne pas manquer !<\/p>\n<p>Infos et \u00a0billetterie : <a href=\"https:\/\/www.tedxmartigny.ch\/\" target=\"_blank\" rel=\"noopener\">tedxmartigny.ch<\/a><\/p>\n<p>\u00a0<\/p>\n","protected":false},"excerpt":{"rendered":"<p>Le TEDxMartigny est de retour en 2023 avec une \u00e9dition exceptionnelle, promettant d&#39;inspirer et de susciter la r\u00e9flexion. Cette initiative locale vise \u00e0 partager des id\u00e9es inspirantes et des histoires puissantes au sein de la communaut\u00e9 r\u00e9gionale et au-del\u00e0. Apr\u00e8s une \u00e9dition \u00e0 guichet ferm\u00e9 l&#39;ann\u00e9e derni\u00e8re, cet \u00e9v\u00e9nement tr\u00e8s attendu aura lieu au Th\u00e9\u00e2tre [&hellip;]<\/p>\n","protected":false},"author":1,"featured_media":43398,"comment_status":"closed","ping_status":"closed","sticky":false,"template":"","format":"standard","meta":{"_acf_changed":false,"footnotes":""},"categories":[194],"tags":[],"class_list":["post-43397","post","type-post","status-publish","format-standard","has-post-thumbnail","hentry","category-event"],"acf":[],"_links":{"self":[{"href":"https:\/\/theark.ch\/fr\/wp-json\/wp\/v2\/posts\/43397","targetHints":{"allow":["GET"]}}],"collection":[{"href":"https:\/\/theark.ch\/fr\/wp-json\/wp\/v2\/posts"}],"about":[{"href":"https:\/\/theark.ch\/fr\/wp-json\/wp\/v2\/types\/post"}],"author":[{"embeddable":true,"href":"https:\/\/theark.ch\/fr\/wp-json\/wp\/v2\/users\/1"}],"replies":[{"embeddable":true,"href":"https:\/\/theark.ch\/fr\/wp-json\/wp\/v2\/comments?post=43397"}],"version-history":[{"count":0,"href":"https:\/\/theark.ch\/fr\/wp-json\/wp\/v2\/posts\/43397\/revisions"}],"wp:featuredmedia":[{"embeddable":true,"href":"https:\/\/theark.ch\/fr\/wp-json\/wp\/v2\/media\/43398"}],"wp:attachment":[{"href":"https:\/\/theark.ch\/fr\/wp-json\/wp\/v2\/media?parent=43397"}],"wp:term":[{"taxonomy":"category","embeddable":true,"href":"https:\/\/theark.ch\/fr\/wp-json\/wp\/v2\/categories?post=43397"},{"taxonomy":"post_tag","embeddable":true,"href":"https:\/\/theark.ch\/fr\/wp-json\/wp\/v2\/tags?post=43397"}],"curies":[{"name":"wp","href":"https:\/\/api.w.org\/{rel}","templated":true}]}}