{"id":43423,"date":"2023-11-06T09:25:52","date_gmt":"2023-11-06T08:25:52","guid":{"rendered":"http:\/\/theark.ch\/news\/un-hackathon-valais-wallis-time-machine-souhaite-recreer-un-village-valaisan-datant-du-19eme-siecle\/"},"modified":"2023-11-06T09:25:52","modified_gmt":"2023-11-06T07:25:52","slug":"un-hackathon-valais-wallis-time-machine-souhaite-recreer-un-village-valaisan-datant-du-19eme-siecle","status":"publish","type":"post","link":"https:\/\/theark.ch\/fr\/news\/un-hackathon-valais-wallis-time-machine-souhaite-recreer-un-village-valaisan-datant-du-19eme-siecle\/","title":{"rendered":"Un hackathon Valais-Wallis Time Machine souhaite recr\u00e9er un village valaisan datant du 19\u00e8me si\u00e8cle"},"content":{"rendered":"<p><strong>La Valais-Wallis Time Machine revient avec la deuxi\u00e8me \u00e9dition d\u2019un hackathon interdisciplinaire avec un but bien pr\u00e9cis\u202f: voyager \u00e0 travers le temps et simuler num\u00e9riquement 10&#39;000 ans d\u2019histoire valaisanne. Le samedi 18 et dimanche 19 novembre, rendez-vous \u00e0 l\u2019Espace Saint-Marc au Ch\u00e2ble pour un hackathon sur la th\u00e9matique \u00ab\u202fPaysages du Val de Bagnes : \u202fle village de Champsec avant et apr\u00e8s la catastrophe du Gi\u00e9troz.\u202f\u00bb. L\u2019objectif est de recr\u00e9er le paysage du village avant et apr\u00e8s la d\u00e9b\u00e2cle de 1818. Les inscriptions sont possibles jusqu\u2019au 10 novembre prochain.<\/strong><\/p>\n<p>En 1818, la vall\u00e9e est touch\u00e9e par l\u2019une des catastrophes les plus marquantes du 19e si\u00e8cle: la d\u00e9b\u00e2cle du Gi\u00e9troz. Le 16 juin, la Drance de Bagnes en crue, charg\u00e9e de glace, de boue, de pierres et de bois, ravage le val de Bagnes jusqu&#39;\u00e0 Martigny, faisant des dizaines de morts et provoquant des d\u00e9g\u00e2ts consid\u00e9rables. \u00a0<\/p>\n<p>Des historiens ont collect\u00e9 des donn\u00e9es sur l\u2019inventaire des biens disparus dans le village suite \u00e0 la catastrophe.<\/p>\n<p><\/p>\n<p><strong>La Valais-Wallis Time Machine a besoin de vous<\/strong><\/p>\n<p>La Valais-Wallis Time Machine est \u00e0 la recherche de graphistes 3D, illustrateurs, d\u00e9veloppeurs, historiens, ou simplement passionn\u00e9s par les hackathons et qui souhaitent contribuer \u00e0 un \u00e9v\u00e9nement apportant les derni\u00e8res innovations technologiques au monde du patrimoine culturel. \u00a0<\/p>\n<p>Des plans, cartes, gravures et textes d\u2019\u00e9poques sont \u00e0 disposition. Ces donn\u00e9es pourront \u00eatre combin\u00e9es avec le mod\u00e8le de terrain de Swisstopo pour faire rena\u00eetre ce paysage disparu.\u00a0<\/p>\n<p>Ce hackathon sert \u00e9galement \u00e0 trouver les talents potentiels avec qui la Valais-Wallis Time Machine pourrait collaborer dans le cadre de ses prochains projets. Il y a la possibilit\u00e9 de s\u2019inscrire seul ou en \u00e9quipe jusqu\u2019au vendredi 10 novembre 2023. L\u2019\u00e9quipe gagnante remportera un prix de CHF 5&#39;000.-.<\/p>\n<p>Informations compl\u00e9mentaires et inscriptions\u202f: <a href=\"https:\/\/www.timemachinevs.ch\/hackathon\" target=\"_blank\" rel=\"noopener\">https:\/\/www.timemachinevs.ch\/hackathon<\/a>\u00a0<\/p>\n<p>\u00a0<\/p>\n","protected":false},"excerpt":{"rendered":"<p>La Valais-Wallis Time Machine revient avec la deuxi\u00e8me \u00e9dition d\u2019un hackathon interdisciplinaire avec un but bien pr\u00e9cis\u202f: voyager \u00e0 travers le temps et simuler num\u00e9riquement 10&#39;000 ans d\u2019histoire valaisanne. Le samedi 18 et dimanche 19 novembre, rendez-vous \u00e0 l\u2019Espace Saint-Marc au Ch\u00e2ble pour un hackathon sur la th\u00e9matique \u00ab\u202fPaysages du Val de Bagnes : \u202fle [&hellip;]<\/p>\n","protected":false},"author":1,"featured_media":43424,"comment_status":"closed","ping_status":"closed","sticky":false,"template":"","format":"standard","meta":{"_acf_changed":false,"footnotes":""},"categories":[194],"tags":[],"class_list":["post-43423","post","type-post","status-publish","format-standard","has-post-thumbnail","hentry","category-event"],"acf":[],"_links":{"self":[{"href":"https:\/\/theark.ch\/fr\/wp-json\/wp\/v2\/posts\/43423","targetHints":{"allow":["GET"]}}],"collection":[{"href":"https:\/\/theark.ch\/fr\/wp-json\/wp\/v2\/posts"}],"about":[{"href":"https:\/\/theark.ch\/fr\/wp-json\/wp\/v2\/types\/post"}],"author":[{"embeddable":true,"href":"https:\/\/theark.ch\/fr\/wp-json\/wp\/v2\/users\/1"}],"replies":[{"embeddable":true,"href":"https:\/\/theark.ch\/fr\/wp-json\/wp\/v2\/comments?post=43423"}],"version-history":[{"count":0,"href":"https:\/\/theark.ch\/fr\/wp-json\/wp\/v2\/posts\/43423\/revisions"}],"wp:featuredmedia":[{"embeddable":true,"href":"https:\/\/theark.ch\/fr\/wp-json\/wp\/v2\/media\/43424"}],"wp:attachment":[{"href":"https:\/\/theark.ch\/fr\/wp-json\/wp\/v2\/media?parent=43423"}],"wp:term":[{"taxonomy":"category","embeddable":true,"href":"https:\/\/theark.ch\/fr\/wp-json\/wp\/v2\/categories?post=43423"},{"taxonomy":"post_tag","embeddable":true,"href":"https:\/\/theark.ch\/fr\/wp-json\/wp\/v2\/tags?post=43423"}],"curies":[{"name":"wp","href":"https:\/\/api.w.org\/{rel}","templated":true}]}}