{"id":43431,"date":"2023-11-09T17:05:50","date_gmt":"2023-11-09T16:05:50","guid":{"rendered":"http:\/\/theark.ch\/news\/comment-trouver-les-bons-talents-pour-les-pme-valaisannes\/"},"modified":"2023-11-09T17:05:50","modified_gmt":"2023-11-09T15:05:50","slug":"comment-trouver-les-bons-talents-pour-les-pme-valaisannes","status":"publish","type":"post","link":"https:\/\/theark.ch\/fr\/news\/comment-trouver-les-bons-talents-pour-les-pme-valaisannes\/","title":{"rendered":"Comment trouver les bons talents pour les PME valaisannes ?"},"content":{"rendered":"<p><strong>La 18\u00e8me \u00e9dition de la <a href=\"https:\/\/swissdigitalconference.ch\/\" target=\"_blank\" rel=\"noopener\">Swiss Digital Conf\u00e9rence<\/a> aura lieu le 7 d\u00e9cembre 2023 au <a href=\"https:\/\/swissdigitalcenter.ch\/fr\/\" target=\"_blank\" rel=\"noopener\">Swiss Digital Center<\/a> de Sierre. Des orateurs inspirants, comme Luc Julia (co-cr\u00e9ateur de Siri), Michel Pont (ancien joueur et consultant de football) ou encore Vincent Bieri (fondateur de Nexthink), viendront \u00e9changer sur la th\u00e9matique du recrutement sous l\u2019angle de la digitalisation. La conf\u00e9rence, mod\u00e9r\u00e9e par Laurent Haug, proposera des talks courts ainsi que des ateliers participatifs. Depuis ses d\u00e9buts, cet \u00e9v\u00e8nement se veut une r\u00e9f\u00e9rence en Suisse romande pour les aspects li\u00e9s au digital. L\u2019\u00e9dition 2023 le prouvera une nouvelle fois, avec une th\u00e9matique tr\u00e8s actuelle. La billetterie est ouverte !<\/strong><\/p>\n<p>\u00a0<\/p>\n<p>Quelles sont les solutions pour pallier la crise du recrutement que traversent les entreprises suisses ? Faut-il miser sur l&#39;intelligence artificielle et la robotique pour automatiser et renforcer la productivit\u00e9 ? Ou alors d\u00e9ployer de nouvelles strat\u00e9gies de recrutement et de fid\u00e9lisation des employ\u00e9s ? Ou encore mettre en place de nouvelles configurations du travail, en se basant davantage sur la qu\u00eate de sens et le d\u00e9veloppement durable ?<\/p>\n<p>Pour la seconde fois en 2023, la Swiss Digital Conference vous propose de r\u00e9fl\u00e9chir sur ces th\u00e9matiques en compagnie d&#39;experts valaisans et internationaux. Intelligence artificielle, recrutement digital, r\u00e9tention des talents, formation continue, nouvelles comp\u00e9tences : ces th\u00e8mes seront accompagn\u00e9s de pr\u00e9sentations des derni\u00e8res innovations digitales valaisannes, en partenariat avec les entreprises, \u00e9coles et centres de recherche du canton.<\/p>\n<p><\/p>\n<p><strong>Pour les entrepreneurs et les PME<\/strong><\/p>\n<p>Gr\u00e2ce \u00e0 des exemples concrets, les partages des diff\u00e9rents orateurs seront sans aucun doute source d\u2019inspiration et de r\u00e9flexion pour les responsables de PME et le monde \u00e9conomique en g\u00e9n\u00e9ral.<\/p>\n<p>\u00a0<\/p>\n<p>L\u2019entrepreneur et conf\u00e9rencier Laurent Haug sera le mod\u00e9rateur de la conf\u00e9rence. Etant lui-m\u00eame passionn\u00e9 du terrain et de l\u2019impact des technologies sur les entreprises, il permettra d\u2019ouvrir le d\u00e9bat autour du sujet.<\/p>\n<p>Des orateurs venus d\u2019entit\u00e9s telles que <a href=\"https:\/\/www.eversys.com\/en\/\" target=\"_blank\" rel=\"noopener\">Eversys<\/a>, <a href=\"https:\/\/fr.renault.ch\/\" target=\"_blank\" rel=\"noopener\">Renault<\/a>, <a href=\"https:\/\/www.lonza.com\/\" target=\"_blank\" rel=\"noopener\">Lonza<\/a> ou encore les instituts de recherche <a href=\"https:\/\/www.idiap.ch\/en\" target=\"_blank\" rel=\"noopener\">IDIAP<\/a> et <a href=\"https:\/\/www.hevs.ch\/fr\" target=\"_blank\" rel=\"noopener\">HES-SO Valais\/Wallis<\/a>, viendront partager leurs exp\u00e9riences en lien les d\u00e9fis du plein emploi, la fid\u00e9lisation des employ\u00e9s ainsi que les nouvelles techniques de recrutement.<\/p>\n<p>La participation \u00e0 cette journ\u00e9e est ouverte \u00e0 toutes les personnes et entreprises int\u00e9ress\u00e9es par le sujet du recrutement sous l\u2019angle de la digitalisation. La conf\u00e9rence se tiendra \u00e0 Sierre au <a href=\"https:\/\/swissdigitalcenter.ch\/fr\/\" target=\"_blank\" rel=\"noopener\">Swiss Digital Center<\/a>, en pr\u00e9sentiel.<\/p>\n<p>Le programme ainsi que la billetterie sont disponibles en ligne sur : <a href=\"http:\/\/www.swissdigitalconference.ch\" target=\"_blank\" rel=\"noopener\">www.swissdigitalconference.ch<\/a><\/p>\n<p>\u00a0<\/p>\n","protected":false},"excerpt":{"rendered":"<p>La 18\u00e8me \u00e9dition de la Swiss Digital Conf\u00e9rence aura lieu le 7 d\u00e9cembre 2023 au Swiss Digital Center de Sierre. Des orateurs inspirants, comme Luc Julia (co-cr\u00e9ateur de Siri), Michel Pont (ancien joueur et consultant de football) ou encore Vincent Bieri (fondateur de Nexthink), viendront \u00e9changer sur la th\u00e9matique du recrutement sous l\u2019angle de la [&hellip;]<\/p>\n","protected":false},"author":1,"featured_media":43432,"comment_status":"closed","ping_status":"closed","sticky":false,"template":"","format":"standard","meta":{"_acf_changed":false,"footnotes":""},"categories":[194],"tags":[],"class_list":["post-43431","post","type-post","status-publish","format-standard","has-post-thumbnail","hentry","category-event"],"acf":[],"_links":{"self":[{"href":"https:\/\/theark.ch\/fr\/wp-json\/wp\/v2\/posts\/43431","targetHints":{"allow":["GET"]}}],"collection":[{"href":"https:\/\/theark.ch\/fr\/wp-json\/wp\/v2\/posts"}],"about":[{"href":"https:\/\/theark.ch\/fr\/wp-json\/wp\/v2\/types\/post"}],"author":[{"embeddable":true,"href":"https:\/\/theark.ch\/fr\/wp-json\/wp\/v2\/users\/1"}],"replies":[{"embeddable":true,"href":"https:\/\/theark.ch\/fr\/wp-json\/wp\/v2\/comments?post=43431"}],"version-history":[{"count":0,"href":"https:\/\/theark.ch\/fr\/wp-json\/wp\/v2\/posts\/43431\/revisions"}],"wp:featuredmedia":[{"embeddable":true,"href":"https:\/\/theark.ch\/fr\/wp-json\/wp\/v2\/media\/43432"}],"wp:attachment":[{"href":"https:\/\/theark.ch\/fr\/wp-json\/wp\/v2\/media?parent=43431"}],"wp:term":[{"taxonomy":"category","embeddable":true,"href":"https:\/\/theark.ch\/fr\/wp-json\/wp\/v2\/categories?post=43431"},{"taxonomy":"post_tag","embeddable":true,"href":"https:\/\/theark.ch\/fr\/wp-json\/wp\/v2\/tags?post=43431"}],"curies":[{"name":"wp","href":"https:\/\/api.w.org\/{rel}","templated":true}]}}