{"id":43447,"date":"2023-11-16T14:23:24","date_gmt":"2023-11-16T13:23:24","guid":{"rendered":"http:\/\/theark.ch\/news\/le-cloud-une-opportunite-pour-le-developpement-des-pme\/"},"modified":"2023-11-16T14:23:24","modified_gmt":"2023-11-16T12:23:24","slug":"le-cloud-une-opportunite-pour-le-developpement-des-pme","status":"publish","type":"post","link":"https:\/\/theark.ch\/fr\/news\/le-cloud-une-opportunite-pour-le-developpement-des-pme\/","title":{"rendered":"Le \u00ab\u2009cloud\u2009\u00bb, une opportunit\u00e9 pour le d\u00e9veloppement des PME\u2009?"},"content":{"rendered":"<p><strong>Les infrastructures \u00ab\u2009cloud\u2009\u00bb offrent aux PME suisses des solutions informatiques flexibles et \u00e9conomiques. En d\u00e9localisant les donn\u00e9es et les services sur des serveurs distants, elles permettent un acc\u00e8s facile, une s\u00e9curit\u00e9 renforc\u00e9e et une r\u00e9duction des co\u00fbts. Plusieurs entreprises valaisannes sont actives dans ce domaine. Parmi elles, <a href=\"https:\/\/trident-software.ch\/fr\/\" target=\"_blank\" rel=\"noopener\">Trident Software<\/a>, bas\u00e9e \u00e0 IdeArk \u00e0 Martigny. Cette derni\u00e8re organise une conf\u00e9rence sur la th\u00e9matique du cloud le 30 novembre prochain, en collaboration avec Amazon Web Services (<a href=\"https:\/\/aws.amazon.com\/fr\/\" target=\"_blank\" rel=\"noopener\">AWS<\/a>) et la <a href=\"https:\/\/www.cci-valais.ch\/\" target=\"_blank\" rel=\"noopener\">Chambre valaisanne du commerce et de l\u2019industrie<\/a>. Les inscriptions sont encore possibles pour cet \u00e9v\u00e8nement, dont la participation est gratuite.<\/strong><\/p>\n<p>\u00a0<\/p>\n<p>Maksym Shytov, CTO de Trident Software, sera l\u2019un des intervenants de cette conf\u00e9rence. Il partagera ses id\u00e9es sur la mise en \u0153uvre de technologies cloud, y compris des solutions pour le commerce \u00e9lectronique. Samuel Riedo, architecte de solutions chez AWS, apportera quant \u00e0 lui son expertise dans la conception de solutions cloud \u00e9volutives, r\u00e9silientes et rentables.<\/p>\n<p><\/p>\n<p><strong>Avec repas de midi<\/strong><\/p>\n<p>La conf\u00e9rence aura lieu le 30 novembre \u00e0 <a href=\"https:\/\/www.ideark.ch\/fr\/\" target=\"_blank\" rel=\"noopener\">IdeArk<\/a> (Rue Marconi 19, Martigny) de 11h30 \u00e0 13h30. Les inscriptions sont possibles sur ce lien\u2009: <a href=\"https:\/\/trident-software.ch\/cloud-technologies-aws-meetup\/#register-on-event\" target=\"_blank\" rel=\"noopener\">https:\/\/trident-software.ch\/cloud-technologies-aws-meetup\/#register-on-event<\/a><\/p>\n<p>\u00a0<\/p>\n<p>La conf\u00e9rence d\u2019environ une heure sera suivie par un repas en commun et une session de networking entre les participants.<\/p>\n<p>\u00a0<\/p>\n","protected":false},"excerpt":{"rendered":"<p>Les infrastructures \u00ab\u2009cloud\u2009\u00bb offrent aux PME suisses des solutions informatiques flexibles et \u00e9conomiques. En d\u00e9localisant les donn\u00e9es et les services sur des serveurs distants, elles permettent un acc\u00e8s facile, une s\u00e9curit\u00e9 renforc\u00e9e et une r\u00e9duction des co\u00fbts. Plusieurs entreprises valaisannes sont actives dans ce domaine. Parmi elles, Trident Software, bas\u00e9e \u00e0 IdeArk \u00e0 Martigny. Cette [&hellip;]<\/p>\n","protected":false},"author":1,"featured_media":43448,"comment_status":"closed","ping_status":"closed","sticky":false,"template":"","format":"standard","meta":{"_acf_changed":false,"footnotes":""},"categories":[194],"tags":[],"class_list":["post-43447","post","type-post","status-publish","format-standard","has-post-thumbnail","hentry","category-event"],"acf":[],"_links":{"self":[{"href":"https:\/\/theark.ch\/fr\/wp-json\/wp\/v2\/posts\/43447","targetHints":{"allow":["GET"]}}],"collection":[{"href":"https:\/\/theark.ch\/fr\/wp-json\/wp\/v2\/posts"}],"about":[{"href":"https:\/\/theark.ch\/fr\/wp-json\/wp\/v2\/types\/post"}],"author":[{"embeddable":true,"href":"https:\/\/theark.ch\/fr\/wp-json\/wp\/v2\/users\/1"}],"replies":[{"embeddable":true,"href":"https:\/\/theark.ch\/fr\/wp-json\/wp\/v2\/comments?post=43447"}],"version-history":[{"count":0,"href":"https:\/\/theark.ch\/fr\/wp-json\/wp\/v2\/posts\/43447\/revisions"}],"wp:featuredmedia":[{"embeddable":true,"href":"https:\/\/theark.ch\/fr\/wp-json\/wp\/v2\/media\/43448"}],"wp:attachment":[{"href":"https:\/\/theark.ch\/fr\/wp-json\/wp\/v2\/media?parent=43447"}],"wp:term":[{"taxonomy":"category","embeddable":true,"href":"https:\/\/theark.ch\/fr\/wp-json\/wp\/v2\/categories?post=43447"},{"taxonomy":"post_tag","embeddable":true,"href":"https:\/\/theark.ch\/fr\/wp-json\/wp\/v2\/tags?post=43447"}],"curies":[{"name":"wp","href":"https:\/\/api.w.org\/{rel}","templated":true}]}}