{"id":43461,"date":"2023-11-27T13:05:45","date_gmt":"2023-11-27T12:05:45","guid":{"rendered":"http:\/\/theark.ch\/news\/pres-de-300-specialistes-de-leau-reunis-au-chable-pour-la-4e-blueark-conference\/"},"modified":"2023-11-27T13:05:45","modified_gmt":"2023-11-27T11:05:45","slug":"pres-de-300-specialistes-de-leau-reunis-au-chable-pour-la-4e-blueark-conference","status":"publish","type":"post","link":"https:\/\/theark.ch\/fr\/news\/pres-de-300-specialistes-de-leau-reunis-au-chable-pour-la-4e-blueark-conference\/","title":{"rendered":"Pr\u00e8s de 300 sp\u00e9cialistes de l\u2019eau r\u00e9unis au Ch\u00e2ble pour la 4e BlueArk Conference!"},"content":{"rendered":"<p><strong>La BlueArk Conf\u00e9rence, qui s\u2019est d\u00e9roul\u00e9e le jeudi 23 novembre 2023, a connu un succ\u00e8s fou et se positionne d\u00e9sormais comme l\u2019\u00e9v\u00e8nement de r\u00e9f\u00e9rence en Suisse romande pour les sp\u00e9cialistes de la gestion de l\u2019eau. Pas moins de 300 personnes \u00e9taient pr\u00e9sentes \u00e0 l\u2019Espace Saint-Marc du Ch\u00e2ble pour cette quatri\u00e8me \u00e9dition, qui a tenu toutes ses promesses, avec notamment une pr\u00e9sentation passionnante de l\u2019hydrologue Emma Haziza en ouverture, mais \u00e9galement une quarantaine d\u2019autres orateurs qui ont trait\u00e9 de th\u00e9matiques en lien avec la gouvernance, les usages et les innovations dans l\u2019eau. La prochaine \u00e9dition est d\u00e9j\u00e0 agend\u00e9e au 21 novembre 2024.<\/strong><\/p>\n<p><\/p>\n<p>En ouverture de la conf\u00e9rence, l\u2019hydrologue fran\u00e7aise Emma Haziza s\u2019est lanc\u00e9e dans un relativement inqui\u00e9tant panorama des enjeux sur l\u2019eau dans le monde. \u00ab\u2009Nous ne nous posons pas la question de notre d\u00e9pendance \u00e0 l\u2019eau. Pourtant, chaque jour, nous, Europ\u00e9ens consommons r\u00e9ellement entre 5000 et 7000 litres d\u2019eau, dont 3000 uniquement pour notre alimentation\u2009\u00bb.<\/p>\n<p>Notre soci\u00e9t\u00e9 est certes en croissance, mais il y a un revers de la m\u00e9daille. \u00ab \u00a0Les \u00eatres humains ont tellement pr\u00e9lev\u00e9 d\u2019eau sous terre que l\u2019on a modifi\u00e9 l\u2019axe de rotation de la Terre de 80 cm vers l\u2019est. Cela doit nous amener \u00e0 nous questionner sur notre consommation\u2009\u00bb, a pr\u00e9cis\u00e9 Emma Haziza. L\u2019id\u00e9e est maintenant de permettre au maximum aux gouttes d\u2019eau de mieux p\u00e9n\u00e9trer dans les sols, pour qu\u2019elles rejoignent les sous-sols o\u00f9 elles sont pr\u00e9serv\u00e9es. \u00ab\u2009L\u2019eau ne trouve plus son chemin et il est important de l\u2019aider, surtout avec les effets du changement climatique\u2009\u00bb.<\/p>\n<p>Apr\u00e8s ce panorama introductif, la conf\u00e9rence s\u2019est poursuivie avec quatre sessions parall\u00e8les, qui ont trait\u00e9 du multi-usage de l\u2019eau dans les am\u00e9nagements hydro-\u00e9lectriques, de l\u2019utilisation de l\u2019eau dans l\u2019agriculture, de la gouvernance de l\u2019eau (notamment en lien avec les eaux souterraines) ainsi que des innovations du domaine. La n\u00e9cessit\u00e9 d\u2019avoir des donn\u00e9es correctes et suffisantes pour analyser, pr\u00e9dire et am\u00e9liorer la gestion de l\u2019eau a \u00e9t\u00e9 abord\u00e9e dans plusieurs sessions, ainsi que lors de la conf\u00e9rence finale de Abel Henriot de BRGM (France).<\/p>\n<p><\/p>\n<p><strong>Une gestion par bassin versant plut\u00f4t que par commune<\/strong><\/p>\n<p>Une table ronde, mod\u00e9r\u00e9e par Julien von Roten (RTS) a aussi permis de discuter des diff\u00e9rents usages de l\u2019eau. \u00ab\u2009Il est important de se mettre ensemble au niveau des communes. Les cours d\u2019eau ne se limitent pas aux fronti\u00e8res administratives et il faut plut\u00f4t, au niveau de la gestion de la ressource, penser par bassin versant\u2009\u00bb, selon Thomas Egger, directeur du <a href=\"https:\/\/www.sab.ch\/\" target=\"_blank\" rel=\"noopener\">SAB<\/a>. D\u2019autres pays sont plus avanc\u00e9s et la Suisse doit progresser. \u00ab\u2009Cela peut se faire via une incitation de la Conf\u00e9d\u00e9ration pour des projets pilotes\u2009\u00bb.<\/p>\n<p>Reste \u00e0 savoir o\u00f9 s\u2019arr\u00eate le bassin versant. \u00ab\u2009C\u2019est un probl\u00e8me politique, et cela sera rapidement une pr\u00e9occupation au niveau europ\u00e9en. Notre pays doit donc \u00eatre \u00e0 la table des n\u00e9gociations avec l\u2019UE pour discuter de ces th\u00e9matiques. BlueArk fait sa part, en \u00e9tant impliqu\u00e9 dans des projets europ\u00e9ens, qui offrent des \u00e9changes de bonnes pratiques notamment\u2009\u00bb, a pr\u00e9cis\u00e9 Jo\u00ebl Di Natale, directeur de BlueArk. \u00a0<\/p>\n<p>L\u2019approche par bassins versants a \u00e9galement \u00e9t\u00e9 d\u00e9fendue par St\u00e9phanie Andr\u00e9, cheffe de la division eau du Canton de Vaud. \u00ab\u2009Dans ce contexte, la notion de ville \u00e9ponge, qui permet de g\u00e9rer et valoriser l\u2019eau de pluie au lieu de chercher \u00e0 tout prix \u00e0 l\u2019\u00e9vacuer, a aussi un r\u00f4le \u00e0 jouer\u2009\u00bb, selon elle.<\/p>\n<p><\/p>\n<p><strong>Des mod\u00e8les de gestion diff\u00e9rents<\/strong><\/p>\n<p>L\u2019entrepreneur Emmanuel Bonvin, fondateur de Membratec, a soulign\u00e9 de son c\u00f4t\u00e9 la diversit\u00e9 des mod\u00e8les de l\u2019eau en Suisse, de l\u2019hypercentralisation du canton de Berne \u00e0 l\u2019hyperd\u00e9centralisation du Valais. Tous les mod\u00e8les sont possibles, mais au niveau des risques sur la qualit\u00e9 de l\u2019eau, le mod\u00e8le valaisan semble pr\u00e9f\u00e9rable. \u00ab\u2009Nous devons \u00e9galement prendre en compte la consommation \u00e9nerg\u00e9tique pour l\u2019approvisionnement de l\u2019eau. Est-ce par exemple raisonnable, \u00e9nerg\u00e9tiquement parlant, de pomper de l\u2019eau depuis la ville de Thoune pour alimenter la station d\u2019Adelboden\u2009?\u2009\u00bb.<\/p>\n<p>Christelle Dischinger, d\u00e9l\u00e9gu\u00e9e \u00e0 la durabilit\u00e9 du Canton du Valais a quant \u00e0 elle insist\u00e9 sur la n\u00e9cessit\u00e9 d\u2019avoir des donn\u00e9es pertinentes. \u00ab\u2009Sans ces donn\u00e9es, il est impossible de faire une planification au niveau de l\u2019eau, ou de la durabilit\u00e9 en g\u00e9n\u00e9ral. Il est important de mettre des moyens financiers dans certains projets, notamment au b\u00e9n\u00e9fice des communes, qui sont propri\u00e9taires de l\u2019eau\u2009\u00bb.<\/p>\n<p><\/p>\n<p><strong>Un village de l\u2019innovation<\/strong><\/p>\n<p>La <a href=\"http:\/\/blueark.ch\/conference\/\" target=\"_blank\" rel=\"noopener\">BlueArk Conference<\/a> (anciennement Smart Water Conf\u00e9rence) a \u00e9galement abrit\u00e9 un village de l\u2019innovation. Plus de 15 entreprises de toute la Suisse romande ont expos\u00e9 leurs innovations en lien avec la gestion de l\u2019eau. Les participants ont ainsi pu profiter d\u2019une journ\u00e9e riche en contenus et en d\u00e9couvertes. La manifestation a \u00e9t\u00e9 organis\u00e9e par <a href=\"https:\/\/blueark.ch\/\" target=\"_blank\" rel=\"noopener\">BlueArk<\/a>, <a href=\"https:\/\/www.altis.swiss\/\" target=\"_blank\" rel=\"noopener\">Altis<\/a> et la Fondation The Ark, en partenariat avec l\u2019ARPEA, le VSA, l\u2019Universit\u00e9 de Lausanne, L\u2019Universit\u00e9 de Berne, ASTERS, le Crealp, le Service valaisan de l\u2019environnement, la HES-SO Valais\/Wallis et l\u2019Hydro Alps Lab.<\/p>\n<p>\u00a0<\/p>\n","protected":false},"excerpt":{"rendered":"<p>La BlueArk Conf\u00e9rence, qui s\u2019est d\u00e9roul\u00e9e le jeudi 23 novembre 2023, a connu un succ\u00e8s fou et se positionne d\u00e9sormais comme l\u2019\u00e9v\u00e8nement de r\u00e9f\u00e9rence en Suisse romande pour les sp\u00e9cialistes de la gestion de l\u2019eau. Pas moins de 300 personnes \u00e9taient pr\u00e9sentes \u00e0 l\u2019Espace Saint-Marc du Ch\u00e2ble pour cette quatri\u00e8me \u00e9dition, qui a tenu toutes [&hellip;]<\/p>\n","protected":false},"author":1,"featured_media":43462,"comment_status":"closed","ping_status":"closed","sticky":false,"template":"","format":"standard","meta":{"_acf_changed":false,"footnotes":""},"categories":[194],"tags":[],"class_list":["post-43461","post","type-post","status-publish","format-standard","has-post-thumbnail","hentry","category-event"],"acf":[],"_links":{"self":[{"href":"https:\/\/theark.ch\/fr\/wp-json\/wp\/v2\/posts\/43461","targetHints":{"allow":["GET"]}}],"collection":[{"href":"https:\/\/theark.ch\/fr\/wp-json\/wp\/v2\/posts"}],"about":[{"href":"https:\/\/theark.ch\/fr\/wp-json\/wp\/v2\/types\/post"}],"author":[{"embeddable":true,"href":"https:\/\/theark.ch\/fr\/wp-json\/wp\/v2\/users\/1"}],"replies":[{"embeddable":true,"href":"https:\/\/theark.ch\/fr\/wp-json\/wp\/v2\/comments?post=43461"}],"version-history":[{"count":0,"href":"https:\/\/theark.ch\/fr\/wp-json\/wp\/v2\/posts\/43461\/revisions"}],"wp:featuredmedia":[{"embeddable":true,"href":"https:\/\/theark.ch\/fr\/wp-json\/wp\/v2\/media\/43462"}],"wp:attachment":[{"href":"https:\/\/theark.ch\/fr\/wp-json\/wp\/v2\/media?parent=43461"}],"wp:term":[{"taxonomy":"category","embeddable":true,"href":"https:\/\/theark.ch\/fr\/wp-json\/wp\/v2\/categories?post=43461"},{"taxonomy":"post_tag","embeddable":true,"href":"https:\/\/theark.ch\/fr\/wp-json\/wp\/v2\/tags?post=43461"}],"curies":[{"name":"wp","href":"https:\/\/api.w.org\/{rel}","templated":true}]}}