{"id":43503,"date":"2023-12-19T17:18:11","date_gmt":"2023-12-19T16:18:11","guid":{"rendered":"http:\/\/theark.ch\/news\/postulez-pour-faire-partie-de-lequipe-nationale-suisse-des-start-up-2024\/"},"modified":"2023-12-19T17:18:11","modified_gmt":"2023-12-19T15:18:11","slug":"postulez-pour-faire-partie-de-lequipe-nationale-suisse-des-start-up-2024","status":"publish","type":"post","link":"https:\/\/theark.ch\/fr\/news\/postulez-pour-faire-partie-de-lequipe-nationale-suisse-des-start-up-2024\/","title":{"rendered":"Postulez pour faire partie de l\u2019\u00e9quipe nationale suisse des start-up 2024\u2009!"},"content":{"rendered":"<p><strong>Le programme Venture Leaders Technology, pilot\u00e9 par Venturelab, permet \u00e0 dix start-up helv\u00e9tiques de rencontrer des leaders de l\u2019industrie et des investisseurs lors d\u2019un voyage de plusieurs jours dans la Silicon Valley. L\u2019occasion de constituer une \u00e9quipe nationale des start-up et de profiter d\u2019un rayonnement international. Le d\u00e9lai de postulation est fix\u00e9 au 15 janvier prochain.<\/strong><\/p>\n<p><\/p>\n<p>Un voyage extraordinaire attend donc 10 \u00a0start-up suisses innovantes gr\u00e2ce au programme <a href=\"https:\/\/www.venturelab.swiss\/Venture-leaders-Technology\" target=\"_blank\" rel=\"noopener\">Venture Leaders Technology<\/a>\u2009! Ce programme est destin\u00e9 aux start-up ax\u00e9es sur la tech, avec des solutions novatrices en logiciel, IA, cloud ou s\u00e9curit\u00e9. Vous pourrez plonger dans l&#39;univers bouillonnant de la Silicon Valley, en participant \u00e0 des sessions de pitch et en rencontrant des investisseurs de haut niveau et des contacts pour un d\u00e9veloppement \u00e0 l\u2019international.\u00a0<\/p>\n<p><\/p>\n<p><strong>Valeur de CHF 10&#39;000.-<\/strong><\/p>\n<p>Ce programme, d&#39;une valeur de CHF 10 000.-, est offert gratuitement aux laur\u00e9ats gr\u00e2ce au soutien de plusieurs partenaires. Les start-up int\u00e9ress\u00e9es ont jusqu&#39;au 15 janvier 2024 pour postuler et peut-\u00eatre vivre cette exp\u00e9rience inoubliable. Les 20 meilleurs candidats auront la possibilit\u00e9 de d\u00e9fendre leurs motivations devant un jury le 1er f\u00e9vrier 2024.\u00a0<\/p>\n<p>D\u00e9collage pr\u00e9vu le 22 f\u00e9vrier 2024 pour une immersion incroyable et une c\u00e9r\u00e9monie de cl\u00f4ture pr\u00e9vue fin 2024 en Suisse. Pr\u00eat \u00e0 propulser votre start-up vers de nouveaux horizons\u2009? Postulez d\u2019ici au 15 janvier <a href=\"https:\/\/www.venturelab.swiss\/index.cfm?page=137303&#038;event_id=10719\" target=\"_blank\" rel=\"noopener\">via ce lien<\/a>.<\/p>\n<p><\/p>\n<p><strong>Source\u2009:<\/strong> Communiqu\u00e9 Venturelab<\/p>\n<p><strong>Cr\u00e9dit photo :<\/strong> Greg Bulla, Unsplash<\/p>\n<p>\u00a0<\/p>\n","protected":false},"excerpt":{"rendered":"<p>Le programme Venture Leaders Technology, pilot\u00e9 par Venturelab, permet \u00e0 dix start-up helv\u00e9tiques de rencontrer des leaders de l\u2019industrie et des investisseurs lors d\u2019un voyage de plusieurs jours dans la Silicon Valley. L\u2019occasion de constituer une \u00e9quipe nationale des start-up et de profiter d\u2019un rayonnement international. Le d\u00e9lai de postulation est fix\u00e9 au 15 janvier [&hellip;]<\/p>\n","protected":false},"author":1,"featured_media":43504,"comment_status":"closed","ping_status":"closed","sticky":false,"template":"","format":"standard","meta":{"_acf_changed":false,"footnotes":""},"categories":[196],"tags":[],"class_list":["post-43503","post","type-post","status-publish","format-standard","has-post-thumbnail","hentry","category-mecanique"],"acf":[],"_links":{"self":[{"href":"https:\/\/theark.ch\/fr\/wp-json\/wp\/v2\/posts\/43503","targetHints":{"allow":["GET"]}}],"collection":[{"href":"https:\/\/theark.ch\/fr\/wp-json\/wp\/v2\/posts"}],"about":[{"href":"https:\/\/theark.ch\/fr\/wp-json\/wp\/v2\/types\/post"}],"author":[{"embeddable":true,"href":"https:\/\/theark.ch\/fr\/wp-json\/wp\/v2\/users\/1"}],"replies":[{"embeddable":true,"href":"https:\/\/theark.ch\/fr\/wp-json\/wp\/v2\/comments?post=43503"}],"version-history":[{"count":0,"href":"https:\/\/theark.ch\/fr\/wp-json\/wp\/v2\/posts\/43503\/revisions"}],"wp:featuredmedia":[{"embeddable":true,"href":"https:\/\/theark.ch\/fr\/wp-json\/wp\/v2\/media\/43504"}],"wp:attachment":[{"href":"https:\/\/theark.ch\/fr\/wp-json\/wp\/v2\/media?parent=43503"}],"wp:term":[{"taxonomy":"category","embeddable":true,"href":"https:\/\/theark.ch\/fr\/wp-json\/wp\/v2\/categories?post=43503"},{"taxonomy":"post_tag","embeddable":true,"href":"https:\/\/theark.ch\/fr\/wp-json\/wp\/v2\/tags?post=43503"}],"curies":[{"name":"wp","href":"https:\/\/api.w.org\/{rel}","templated":true}]}}