{"id":43529,"date":"2024-01-09T17:29:50","date_gmt":"2024-01-09T16:29:50","guid":{"rendered":"http:\/\/theark.ch\/news\/susciter-et-maintenir-linteret-a-travers-des-ateliers-pratiques-et-des-experimentations\/"},"modified":"2024-01-09T17:29:50","modified_gmt":"2024-01-09T15:29:50","slug":"susciter-et-maintenir-linteret-a-travers-des-ateliers-pratiques-et-des-experimentations","status":"publish","type":"post","link":"https:\/\/theark.ch\/fr\/news\/susciter-et-maintenir-linteret-a-travers-des-ateliers-pratiques-et-des-experimentations\/","title":{"rendered":"Susciter et maintenir l\u2019int\u00e9r\u00eat \u00e0 travers des ateliers pratiques et des exp\u00e9rimentations"},"content":{"rendered":"<p><strong>MINTworld est n\u00e9 d\u2019une collaboration entre Lonza et le D\u00e9partement de l&#39;\u00e9conomie et de la formation (DEF) du Canton du Valais. Cet espace de d\u00e9couverte et d\u2019innovation situ\u00e9 \u00e0 Vi\u00e8ge a pour objectif de sensibiliser les \u00e9l\u00e8ves de l\u2019\u00e9cole obligatoire et les jeunes \u00e0 l&#39;innovation dans les domaines des math\u00e9matiques, de l&#39;informatique, des sciences naturelles et de la technique (MINT). Cette initiative s&#39;inscrit dans une r\u00e9ponse proactive aux d\u00e9fis de la digitalisation et \u00e0 la n\u00e9cessit\u00e9 croissante de professionnels qualifi\u00e9s en Valais.<\/strong><\/p>\n<p><\/p>\n<p>Face \u00e0 la p\u00e9nurie actuelle de talents, l&#39;\u00c9tat du Valais et <a href=\"https:\/\/www.lonza.com\/\" target=\"_blank\" rel=\"noopener\">Lonza<\/a> s&#39;unissent pour offrir un espace d&#39;apprentissage pratique aux \u00e9l\u00e8ves de l&#39;\u00e9cole obligatoire, aux jeunes du Valais, ainsi qu&#39;\u00e0 d&#39;autres groupes tels que les personnes en reconversion professionnelle. Le <a href=\"https:\/\/bioark.ch\/\" target=\"_blank\" rel=\"noopener\">BioArk<\/a> de Vi\u00e8ge abrite ce centre novateur, destin\u00e9 \u00e0 susciter l&#39;int\u00e9r\u00eat des \u00e9l\u00e8ves et des jeunes pour les comp\u00e9tences MINT (math\u00e9matique, informatique, sciences naturelles et technique), essentielles \u00e0 la comp\u00e9titivit\u00e9 de l&#39;\u00e9conomie valaisanne.\u00a0<\/p>\n<p>\u00a0<\/p>\n<p><strong>Susciter et maintenir l\u2019int\u00e9r\u00eat \u00e0 travers des ateliers pratiques et des exp\u00e9rimentations\u00a0<\/strong><\/p>\n<p>L\u2019espace <a href=\"https:\/\/mintworld.ch\/fr\" target=\"_blank\" rel=\"noopener\">MINTworld<\/a>, ouvert au printemps 2023, s\u2019adresse en priorit\u00e9 aux \u00e9l\u00e8ves de l\u2019\u00e9cole obligatoire et \u00e0 leurs enseignants. Con\u00e7u pour accueillir des classes de tous les niveaux, MINTworld est un outil mis \u00e0 disposition des enseignants pour leur permettre de mettre en pratique et d\u2019approfondir les mati\u00e8res du Plan d\u2019\u00e9tudes romand (PER) et du Lehrplan 21 \u00e9tudi\u00e9es \u00e0 l\u2019\u00e9cole, en conditions r\u00e9elles, dans des laboratoires et des salles appel\u00e9es \u00ab Makerspaces \u00bb b\u00e9n\u00e9ficiant d\u2019un \u00e9quipement \u00e0 la pointe.<\/p>\n<p>L\u2019objectif est d&#39;\u00e9veiller et de maintenir l&#39;int\u00e9r\u00eat pour les sujets MINT en posant des questions de la vie quotidienne, en les appr\u00e9hendant d\u2019une fa\u00e7on diff\u00e9rente, \u00e0 l&#39;aide d&#39;ateliers pratiques et d&#39;un apprentissage par l&#39;exp\u00e9rimentation. Dans l\u2019espace MINTworld, les enseignants sont assist\u00e9s par des formateurs de Lonza sp\u00e9cialement form\u00e9s pour ce projet, qui r\u00e9alisent les diff\u00e9rents modules avec les groupes de visiteurs.<\/p>\n<p><\/p>\n<p><strong>B\u00e2tir des ponts entre l&#39;industrie et l&#39;\u00e9ducation\u00a0<\/strong><\/p>\n<p>MINTworld aspire \u00e0 rapprocher les acteurs industriels, comme par exemple Lonza, de la formation de base afin de valoriser les m\u00e9tiers MINT et montrer les opportunit\u00e9s professionnelles existantes en Valais dans ces domaines. \u00a0<\/p>\n<p>En tant que mesure compl\u00e9mentaire pour relever les d\u00e9fis de la p\u00e9nurie de main-d&#39;\u0153uvre qualifi\u00e9e, cet espace est un exemple concret du partenariat public-priv\u00e9, avec un cofinancement des investissements et une gestion des co\u00fbts d&#39;exploitation par le secteur priv\u00e9.\u00a0<\/p>\n<p><\/p>\n<p><strong>Vitrine de l\u2019innovation\u00a0<\/strong><\/p>\n<p>L\u2019espace MINTworld est un projet qui concerne l\u2019ensemble du canton et qui se veut une vitrine de l\u2019innovation valaisanne. Il est au service \u00e0 la fois de la recherche, de la formation et de l\u2019\u00e9conomie.\u00a0<\/p>\n<p>Pr\u00e8s\u00a0de 2500 \u00e9l\u00e8ves de tout le canton ont d\u2019ores et d\u00e9j\u00e0 pu profiter de ce nouvel espace. L\u2019objectif \u00e0 long terme est de pouvoir l\u2019ouvrir \u00e0 un plus large public.<\/p>\n<p>La prochaine <a href=\"https:\/\/www.innovibes.ch\/fr\/events\/?id=14190\" target=\"_blank\" rel=\"noopener\">InnoVibes<\/a> aura par ailleurs lieu au MINTworld le 25 janvier prochain (conf\u00e9rence en allemand).<\/p>\n<p><\/p>\n<p>D\u00e9couvrez le <a href=\"https:\/\/canal9.ch\/fr\/les-jeunes-font-des-etincelles-au-mintworld-de-viege\/\u00a0\" target=\"_blank\" rel=\"noopener\">reportage de Canal 9<\/a> consacr\u00e9 \u00e0 l\u2019espace MINTworld.<\/p>\n<p>Plus d\u2019informations en <a href=\"https:\/\/demo.mintworld.ch\/fr et https:\/\/www.youtube.com\/watch?v=RCQ967y4Djc&#038;t=14s\u00a0\" target=\"_blank\" rel=\"noopener\">vid\u00e9o ici<\/a>.<\/p>\n<p><\/p>\n<p><strong>Source\u202f:<\/strong> communiqu\u00e9 de presse<\/p>\n<p><strong>Cr\u00e9dit photo : <\/strong>MINTworld<\/p>\n<p>\u00a0<\/p>\n","protected":false},"excerpt":{"rendered":"<p>MINTworld est n\u00e9 d\u2019une collaboration entre Lonza et le D\u00e9partement de l&#39;\u00e9conomie et de la formation (DEF) du Canton du Valais. Cet espace de d\u00e9couverte et d\u2019innovation situ\u00e9 \u00e0 Vi\u00e8ge a pour objectif de sensibiliser les \u00e9l\u00e8ves de l\u2019\u00e9cole obligatoire et les jeunes \u00e0 l&#39;innovation dans les domaines des math\u00e9matiques, de l&#39;informatique, des sciences naturelles [&hellip;]<\/p>\n","protected":false},"author":1,"featured_media":43530,"comment_status":"closed","ping_status":"closed","sticky":false,"template":"","format":"standard","meta":{"_acf_changed":false,"footnotes":""},"categories":[194],"tags":[],"class_list":["post-43529","post","type-post","status-publish","format-standard","has-post-thumbnail","hentry","category-event"],"acf":[],"_links":{"self":[{"href":"https:\/\/theark.ch\/fr\/wp-json\/wp\/v2\/posts\/43529","targetHints":{"allow":["GET"]}}],"collection":[{"href":"https:\/\/theark.ch\/fr\/wp-json\/wp\/v2\/posts"}],"about":[{"href":"https:\/\/theark.ch\/fr\/wp-json\/wp\/v2\/types\/post"}],"author":[{"embeddable":true,"href":"https:\/\/theark.ch\/fr\/wp-json\/wp\/v2\/users\/1"}],"replies":[{"embeddable":true,"href":"https:\/\/theark.ch\/fr\/wp-json\/wp\/v2\/comments?post=43529"}],"version-history":[{"count":0,"href":"https:\/\/theark.ch\/fr\/wp-json\/wp\/v2\/posts\/43529\/revisions"}],"wp:featuredmedia":[{"embeddable":true,"href":"https:\/\/theark.ch\/fr\/wp-json\/wp\/v2\/media\/43530"}],"wp:attachment":[{"href":"https:\/\/theark.ch\/fr\/wp-json\/wp\/v2\/media?parent=43529"}],"wp:term":[{"taxonomy":"category","embeddable":true,"href":"https:\/\/theark.ch\/fr\/wp-json\/wp\/v2\/categories?post=43529"},{"taxonomy":"post_tag","embeddable":true,"href":"https:\/\/theark.ch\/fr\/wp-json\/wp\/v2\/tags?post=43529"}],"curies":[{"name":"wp","href":"https:\/\/api.w.org\/{rel}","templated":true}]}}